{"id":36323,"date":"2022-11-08T04:19:31","date_gmt":"2022-11-08T04:19:31","guid":{"rendered":"https:\/\/armstrongyregion.com.ar\/diario\/?p=36323"},"modified":"2022-11-08T04:19:33","modified_gmt":"2022-11-08T04:19:33","slug":"el-senador-por-el-departamento-belgrano-guillermo-cornaglia-participara-este-martes-en-deliberando","status":"publish","type":"post","link":"https:\/\/armstrongyregion.com.ar\/diario\/el-senador-por-el-departamento-belgrano-guillermo-cornaglia-participara-este-martes-en-deliberando\/","title":{"rendered":"El senador por el departamento Belgrano Guillermo Cornaglia participar\u00e1 este martes en DELIBERANDO."},"content":{"rendered":"\n<figure class=\"wp-block-image size-large\"><img loading=\"lazy\" decoding=\"async\" width=\"567\" height=\"405\" src=\"http:\/\/armstrongyregion.com.ar\/diario\/wp-content\/uploads\/2022\/11\/Guille-Cornaglia-Deliberando-8-11-22-.jpg\" alt=\"\" class=\"wp-image-36324\" srcset=\"https:\/\/armstrongyregion.com.ar\/diario\/wp-content\/uploads\/2022\/11\/Guille-Cornaglia-Deliberando-8-11-22-.jpg 567w, https:\/\/armstrongyregion.com.ar\/diario\/wp-content\/uploads\/2022\/11\/Guille-Cornaglia-Deliberando-8-11-22--300x214.jpg 300w\" sizes=\"auto, (max-width: 567px) 100vw, 567px\" \/><\/figure>\n\n\n\n<p> El legislador departamental repasar\u00e1 su actividad llegando a fin del periodo ordinario de sesiones y nos informar\u00e1 sobre los logros obtenidos. Haremos hincapi\u00e9 sobre un  proyecto de su autor\u00eda, donde se crean las cooperativas de trabajo para tareas en obras p\u00fablicas.<\/p>\n\n\n\n<p>Por otra parte, el legislador,  analizar\u00e1 la posibilidad de su reelecci\u00f3n en el 2023 sin dejar de lado la situaci\u00f3n del justicialismo en el departamento Belgrano. <\/p>\n\n\n\n<p>Destacar\u00e1 lo que se est\u00e1 haciendo en seguridad departamental, la entrega de m\u00f3viles y el compromiso de incorporar m\u00e1s personal a las dependencias de cada uno de los distritos.<br>Todo este martes en DELIBERANDO, 21hs. Con la conducci\u00f3n de la Lic. Graciela de la Casa y Oscar Crispino. <\/p>\n","protected":false},"excerpt":{"rendered":"<p>El legislador departamental repasar\u00e1 su actividad llegando a fin del periodo ordinario de sesiones y nos informar\u00e1 sobre los logros obtenidos. Haremos hincapi\u00e9 sobre un proyecto de su autor\u00eda, donde se crean las cooperativas de trabajo para tareas en obras p\u00fablicas. Por otra parte, el legislador, analizar\u00e1 la posibilidad de su reelecci\u00f3n en el 2023 <a href=\"https:\/\/armstrongyregion.com.ar\/diario\/el-senador-por-el-departamento-belgrano-guillermo-cornaglia-participara-este-martes-en-deliberando\/\" title=\"Read more\" >&#8230;<\/a><\/p>\n","protected":false},"author":1,"featured_media":36324,"comment_status":"open","ping_status":"open","sticky":false,"template":"","format":"image","meta":{"_jetpack_memberships_contains_paid_content":false,"footnotes":"","jetpack_publicize_message":"","jetpack_publicize_feature_enabled":true,"jetpack_social_post_already_shared":true,"jetpack_social_options":{"image_generator_settings":{"template":"highway","default_image_id":0,"enabled":false},"version":2}},"categories":[8,1,2,7,3],"tags":[],"class_list":["post-36323","post","type-post","status-publish","format-image","has-post-thumbnail","hentry","category-deliberando","category-diario-armstrong","category-locales","category-politica","category-region","post_format-post-format-image"],"jetpack_publicize_connections":[],"jetpack_featured_media_url":"https:\/\/armstrongyregion.com.ar\/diario\/wp-content\/uploads\/2022\/11\/Guille-Cornaglia-Deliberando-8-11-22-.jpg","jetpack_shortlink":"https:\/\/wp.me\/p62QDO-9rR","jetpack_sharing_enabled":true,"amp_enabled":true,"_links":{"self":[{"href":"https:\/\/armstrongyregion.com.ar\/diario\/wp-json\/wp\/v2\/posts\/36323","targetHints":{"allow":["GET"]}}],"collection":[{"href":"https:\/\/armstrongyregion.com.ar\/diario\/wp-json\/wp\/v2\/posts"}],"about":[{"href":"https:\/\/armstrongyregion.com.ar\/diario\/wp-json\/wp\/v2\/types\/post"}],"author":[{"embeddable":true,"href":"https:\/\/armstrongyregion.com.ar\/diario\/wp-json\/wp\/v2\/users\/1"}],"replies":[{"embeddable":true,"href":"https:\/\/armstrongyregion.com.ar\/diario\/wp-json\/wp\/v2\/comments?post=36323"}],"version-history":[{"count":1,"href":"https:\/\/armstrongyregion.com.ar\/diario\/wp-json\/wp\/v2\/posts\/36323\/revisions"}],"predecessor-version":[{"id":36325,"href":"https:\/\/armstrongyregion.com.ar\/diario\/wp-json\/wp\/v2\/posts\/36323\/revisions\/36325"}],"wp:featuredmedia":[{"embeddable":true,"href":"https:\/\/armstrongyregion.com.ar\/diario\/wp-json\/wp\/v2\/media\/36324"}],"wp:attachment":[{"href":"https:\/\/armstrongyregion.com.ar\/diario\/wp-json\/wp\/v2\/media?parent=36323"}],"wp:term":[{"taxonomy":"category","embeddable":true,"href":"https:\/\/armstrongyregion.com.ar\/diario\/wp-json\/wp\/v2\/categories?post=36323"},{"taxonomy":"post_tag","embeddable":true,"href":"https:\/\/armstrongyregion.com.ar\/diario\/wp-json\/wp\/v2\/tags?post=36323"}],"curies":[{"name":"wp","href":"https:\/\/api.w.org\/{rel}","templated":true}]}}