{"id":36310,"date":"2022-11-07T01:13:18","date_gmt":"2022-11-07T01:13:18","guid":{"rendered":"https:\/\/armstrongyregion.com.ar\/diario\/?p=36310"},"modified":"2022-11-07T02:03:10","modified_gmt":"2022-11-07T02:03:10","slug":"se-inauguro-en-armstrong-la-muestra-la-forestal","status":"publish","type":"post","link":"https:\/\/armstrongyregion.com.ar\/diario\/se-inauguro-en-armstrong-la-muestra-la-forestal\/","title":{"rendered":"En Armstrong se inaugur\u00f3 la  muestra \u00abLa Forestal\u00bb."},"content":{"rendered":"\n<figure class=\"wp-block-image size-large\"><img loading=\"lazy\" decoding=\"async\" width=\"690\" height=\"377\" src=\"http:\/\/armstrongyregion.com.ar\/diario\/wp-content\/uploads\/2022\/11\/Susana-Dial-.jpg\" alt=\"\" class=\"wp-image-36311\" srcset=\"https:\/\/armstrongyregion.com.ar\/diario\/wp-content\/uploads\/2022\/11\/Susana-Dial-.jpg 690w, https:\/\/armstrongyregion.com.ar\/diario\/wp-content\/uploads\/2022\/11\/Susana-Dial--300x164.jpg 300w\" sizes=\"auto, (max-width: 690px) 100vw, 690px\" \/><\/figure>\n\n\n\n<h2 class=\"wp-block-heading\"> La muestra itinerante \u00ab<strong>La Forestal\u00bb: \u00abEl pasado nos inspira, el futuro nos moviliza\u00bb<\/strong>, se inaugur\u00f3 durante el\u00a0<strong>s\u00e1bado 5<\/strong>\u00a0en la ciudad de\u00a0<strong>Armstrong.<\/strong> <\/h2>\n\n\n\n<p>En la sede de la&nbsp;<strong>Fundaci\u00f3n Bemba Color\u00e1<\/strong>&nbsp;\u2013&nbsp;<strong>Espacio Villa Agustina<\/strong>, se dio apertura a dicha propuesta que proviene desde la ciudad de Villa Ocampo y forma parte del programa&nbsp;<strong>\u00abCompartiendo Cultura\u00bb&nbsp;<\/strong>del&nbsp;<strong>Ente Cultura Santafesino.<\/strong><\/p>\n\n\n\n<p>El acto cont\u00f3 con la intervenci\u00f3n de a&nbsp;<strong>Lic. en Historia Lilian Coll&nbsp;<\/strong>y la&nbsp;<strong>Profesora Susana Dial<\/strong>, poniendo en situaci\u00f3n de contexto y contando experiencias personales de su visita y recorrido de la ruta del tanino, conociendo todas las comunidades que pertenec\u00edan a \u00abLa Forestal\u00bb.<\/p>\n\n\n\n<p>Adem\u00e1s hubo relatos extra\u00eddos de&nbsp;<strong>\u00abLa Cr\u00f3nica de La Forestal\u00bb<\/strong>&nbsp;a cargo de&nbsp;<strong>Jorge Oliva<\/strong>, acompa\u00f1ados de temas musicales pertenecientes a dicha obra. Por \u00faltimo se proyect\u00f3 el documental \u00abLa Otra Historia\u00bb; poniendo en im\u00e1genes y palabras la historia de La Forestal.<\/p>\n\n\n\n<p><strong>Sobre la muestra<\/strong><\/p>\n\n\n\n<p>Dicha propuesta fue realizada por el&nbsp;<strong>Profesorado de Historia del Instituto Superior 4026 \u201cSma. Virgen Ni\u00f1a\u201d de Villa Ocampo,<\/strong>&nbsp;con el auspicio de la Municipalidad de Villa Ocampo.<\/p>\n\n\n\n<p>A trav\u00e9s de banners explicativos, m\u00e1s relatos, m\u00fasica e im\u00e1genes, conoceremos m\u00e1s de nuestra historia santafesina en la sede de la&nbsp;<strong>Fundaci\u00f3n Bemba Color\u00e1<\/strong>&nbsp;\u2013&nbsp;<strong>Espacio Villa Agustina<\/strong>&nbsp;(<em>14 de diciembre y Fischer)<\/em><\/p>\n\n\n\n<p><strong>S\u00c1BADO 05\/11 19.30h<\/strong><\/p>\n\n\n\n<p><strong>DOMINGO 06\/11 18.00h<\/strong><\/p>\n\n\n\n<p><strong>LUNES 07\/11<\/strong>&nbsp;y&nbsp;<strong>MARTES 08\/11<\/strong>&nbsp;para grupos de estudiantes<strong>.(Coordinar horarios al 3471 627028).<\/strong><\/p>\n\n\n\n<p>A trav\u00e9s del programa&nbsp;<strong>\u00abCompartiendo Cultura\u00bb del Ente Cultural Santafesino&nbsp;<\/strong>junto a la<strong>&nbsp;Municipalidad de Villa Ocampo&nbsp;<\/strong>mediante su Secretaria de Cultura, presentan dicha propuesta que girar\u00e1 por las diversas localidades que integran a la Usina Cultural I (sur).<\/p>\n\n\n\n<p><strong>\u201cCompartiendo Cultura\u201d<\/strong><\/p>\n\n\n\n<p>Dicho programa posee la finalidad de intercambiar e interaccionar propuestas art\u00edsticas pertenecientes a las comunidades que integran dicho espacio cultural; jerarquizando y promoviendo la red social, cultural y de inclusi\u00f3n de los m\u00faltiples artistas santafesinos.<\/p>\n","protected":false},"excerpt":{"rendered":"<p>La muestra itinerante \u00abLa Forestal\u00bb: \u00abEl pasado nos inspira, el futuro nos moviliza\u00bb, se inaugur\u00f3 durante el\u00a0s\u00e1bado 5\u00a0en la ciudad de\u00a0Armstrong. En la sede de la&nbsp;Fundaci\u00f3n Bemba Color\u00e1&nbsp;\u2013&nbsp;Espacio Villa Agustina, se dio apertura a dicha propuesta que proviene desde la ciudad de Villa Ocampo y forma parte del programa&nbsp;\u00abCompartiendo Cultura\u00bb&nbsp;del&nbsp;Ente Cultura Santafesino. El acto cont\u00f3 <a href=\"https:\/\/armstrongyregion.com.ar\/diario\/se-inauguro-en-armstrong-la-muestra-la-forestal\/\" title=\"Read more\" >&#8230;<\/a><\/p>\n","protected":false},"author":1,"featured_media":36311,"comment_status":"open","ping_status":"open","sticky":false,"template":"","format":"image","meta":{"_jetpack_memberships_contains_paid_content":false,"footnotes":"","jetpack_publicize_message":"","jetpack_publicize_feature_enabled":true,"jetpack_social_post_already_shared":true,"jetpack_social_options":{"image_generator_settings":{"template":"highway","default_image_id":0,"enabled":false},"version":2}},"categories":[6,8,1,2,7,3],"tags":[],"class_list":["post-36310","post","type-post","status-publish","format-image","has-post-thumbnail","hentry","category-cultura-entretenimiento","category-deliberando","category-diario-armstrong","category-locales","category-politica","category-region","post_format-post-format-image"],"jetpack_publicize_connections":[],"jetpack_featured_media_url":"https:\/\/armstrongyregion.com.ar\/diario\/wp-content\/uploads\/2022\/11\/Susana-Dial-.jpg","jetpack_shortlink":"https:\/\/wp.me\/p62QDO-9rE","jetpack_sharing_enabled":true,"amp_enabled":true,"_links":{"self":[{"href":"https:\/\/armstrongyregion.com.ar\/diario\/wp-json\/wp\/v2\/posts\/36310","targetHints":{"allow":["GET"]}}],"collection":[{"href":"https:\/\/armstrongyregion.com.ar\/diario\/wp-json\/wp\/v2\/posts"}],"about":[{"href":"https:\/\/armstrongyregion.com.ar\/diario\/wp-json\/wp\/v2\/types\/post"}],"author":[{"embeddable":true,"href":"https:\/\/armstrongyregion.com.ar\/diario\/wp-json\/wp\/v2\/users\/1"}],"replies":[{"embeddable":true,"href":"https:\/\/armstrongyregion.com.ar\/diario\/wp-json\/wp\/v2\/comments?post=36310"}],"version-history":[{"count":2,"href":"https:\/\/armstrongyregion.com.ar\/diario\/wp-json\/wp\/v2\/posts\/36310\/revisions"}],"predecessor-version":[{"id":36313,"href":"https:\/\/armstrongyregion.com.ar\/diario\/wp-json\/wp\/v2\/posts\/36310\/revisions\/36313"}],"wp:featuredmedia":[{"embeddable":true,"href":"https:\/\/armstrongyregion.com.ar\/diario\/wp-json\/wp\/v2\/media\/36311"}],"wp:attachment":[{"href":"https:\/\/armstrongyregion.com.ar\/diario\/wp-json\/wp\/v2\/media?parent=36310"}],"wp:term":[{"taxonomy":"category","embeddable":true,"href":"https:\/\/armstrongyregion.com.ar\/diario\/wp-json\/wp\/v2\/categories?post=36310"},{"taxonomy":"post_tag","embeddable":true,"href":"https:\/\/armstrongyregion.com.ar\/diario\/wp-json\/wp\/v2\/tags?post=36310"}],"curies":[{"name":"wp","href":"https:\/\/api.w.org\/{rel}","templated":true}]}}