{"id":36300,"date":"2022-11-06T01:10:43","date_gmt":"2022-11-06T01:10:43","guid":{"rendered":"https:\/\/armstrongyregion.com.ar\/diario\/?p=36300"},"modified":"2022-11-10T04:30:17","modified_gmt":"2022-11-10T04:30:17","slug":"la-provincia-inauguro-el-nuevo-edificio-de-la-escuela-tecnica-n-291-de-armstrong","status":"publish","type":"post","link":"https:\/\/armstrongyregion.com.ar\/diario\/la-provincia-inauguro-el-nuevo-edificio-de-la-escuela-tecnica-n-291-de-armstrong\/","title":{"rendered":"La provincia inaugur\u00f3 el nuevo edificio de la Escuela T\u00e9cnica N\u00b0 291 de Armstrong."},"content":{"rendered":"\n<figure class=\"wp-block-image size-large\"><img loading=\"lazy\" decoding=\"async\" width=\"1000\" height=\"563\" src=\"http:\/\/armstrongyregion.com.ar\/diario\/wp-content\/uploads\/2022\/11\/Esc-Tecnica-VA.jpg\" alt=\"\" class=\"wp-image-36301\" srcset=\"https:\/\/armstrongyregion.com.ar\/diario\/wp-content\/uploads\/2022\/11\/Esc-Tecnica-VA.jpg 1000w, https:\/\/armstrongyregion.com.ar\/diario\/wp-content\/uploads\/2022\/11\/Esc-Tecnica-VA-300x169.jpg 300w, https:\/\/armstrongyregion.com.ar\/diario\/wp-content\/uploads\/2022\/11\/Esc-Tecnica-VA-768x432.jpg 768w\" sizes=\"auto, (max-width: 1000px) 100vw, 1000px\" \/><\/figure>\n\n\n\n<h2 class=\"wp-block-heading\"> Los trabajos est\u00e1n enmarcados en el Plan Estrat\u00e9gico de Infraestructura Educativa por el que se est\u00e1n inaugurando obras por m\u00e1s de 2 mil millones de pesos. <\/h2>\n\n\n\n<figure class=\"wp-block-image size-large\"><img loading=\"lazy\" decoding=\"async\" width=\"500\" height=\"282\" src=\"http:\/\/armstrongyregion.com.ar\/diario\/wp-content\/uploads\/2022\/11\/ESc-Tecnica-VA-2-.jpg\" alt=\"\" class=\"wp-image-36302\" srcset=\"https:\/\/armstrongyregion.com.ar\/diario\/wp-content\/uploads\/2022\/11\/ESc-Tecnica-VA-2-.jpg 500w, https:\/\/armstrongyregion.com.ar\/diario\/wp-content\/uploads\/2022\/11\/ESc-Tecnica-VA-2--300x169.jpg 300w\" sizes=\"auto, (max-width: 500px) 100vw, 500px\" \/><\/figure>\n\n\n\n<p>\n\nLa ministra de Educaci\u00f3n, Adriana Cantero, encabez\u00f3 la inauguraci\u00f3n del nuevo edificio de la Escuela T\u00e9cnica N\u00b0 291 \u00abFray Luis Beltr\u00e1n\u00bb de la localidad de Armstrong, que demand\u00f3 una inversi\u00f3n de $193.645.788<\/p>\n\n\n\n<figure class=\"wp-block-image size-large\"><img loading=\"lazy\" decoding=\"async\" width=\"570\" height=\"320\" src=\"http:\/\/armstrongyregion.com.ar\/diario\/wp-content\/uploads\/2022\/11\/Esc-Tecnica-1-.jpg\" alt=\"\" class=\"wp-image-36303\" srcset=\"https:\/\/armstrongyregion.com.ar\/diario\/wp-content\/uploads\/2022\/11\/Esc-Tecnica-1-.jpg 570w, https:\/\/armstrongyregion.com.ar\/diario\/wp-content\/uploads\/2022\/11\/Esc-Tecnica-1--300x168.jpg 300w\" sizes=\"auto, (max-width: 570px) 100vw, 570px\" \/><\/figure>\n\n\n\n<p>En la oportunidad, Cantero expres\u00f3 que \u00absiempre que inauguramos escuelas estamos toda la comunidad en un d\u00eda de fiesta, &nbsp;de agradecimiento, porque la escuela encarna no solo, la mayor pol\u00edtica distributiva del Estado, sino la esperanza de una sociedad que piensa que m\u00e1s all\u00e1 de todos los cambios que necesariamente en el transcurrir epocal deben sufrir las escuelas, sostiene el convencimiento de que no hay crecimiento posible, no hay bienestar posible, sin educaci\u00f3n p\u00fablica. Adem\u00e1s en este caso, recordando que estamos hablando de una escuela t\u00e9cnico profesional de nuestro sistema educativo que aborda precisamente esa formaci\u00f3n de las personas que eligen desarrollar competencias t\u00e9cnicas para poder vincularse en el mundo de la producci\u00f3n y del trabajo\u00bb<\/p>\n\n\n\n<figure class=\"wp-block-image size-large\"><img loading=\"lazy\" decoding=\"async\" width=\"2500\" height=\"1667\" src=\"https:\/\/i0.wp.com\/armstrongyregion.com.ar\/diario\/wp-content\/uploads\/2022\/11\/Esc-Tecnica-2-.jpeg?fit=800%2C534&amp;ssl=1\" alt=\"\" class=\"wp-image-36304\" srcset=\"https:\/\/armstrongyregion.com.ar\/diario\/wp-content\/uploads\/2022\/11\/Esc-Tecnica-2-.jpeg 2500w, https:\/\/armstrongyregion.com.ar\/diario\/wp-content\/uploads\/2022\/11\/Esc-Tecnica-2--300x200.jpeg 300w, https:\/\/armstrongyregion.com.ar\/diario\/wp-content\/uploads\/2022\/11\/Esc-Tecnica-2--1024x683.jpeg 1024w, https:\/\/armstrongyregion.com.ar\/diario\/wp-content\/uploads\/2022\/11\/Esc-Tecnica-2--768x512.jpeg 768w, https:\/\/armstrongyregion.com.ar\/diario\/wp-content\/uploads\/2022\/11\/Esc-Tecnica-2--1536x1024.jpeg 1536w, https:\/\/armstrongyregion.com.ar\/diario\/wp-content\/uploads\/2022\/11\/Esc-Tecnica-2--2048x1366.jpeg 2048w\" sizes=\"auto, (max-width: 2500px) 100vw, 2500px\" \/><\/figure>\n\n\n\n<p>En este sentido, la titular de la cartera educativa agreg\u00f3 que \u00abno es circunstancial el gran despliegue de la educaci\u00f3n t\u00e9cnica que se ve en momentos de la historia donde el pa\u00eds apuesta a la producci\u00f3n y al crecimiento, por eso estamos muy contentos de haber terminado este edificio dado que cuando iniciamos la gesti\u00f3n una de las indicaciones m\u00e1s claras que nos dio el gobernador Omar Perotti fue que no quede ning\u00fan edificio escolar sin finalizar\u00bb.<\/p>\n\n\n\n<figure class=\"wp-block-image size-large\"><img loading=\"lazy\" decoding=\"async\" width=\"500\" height=\"282\" src=\"http:\/\/armstrongyregion.com.ar\/diario\/wp-content\/uploads\/2022\/11\/Esc-Tecnica-4-.jpg\" alt=\"\" class=\"wp-image-36305\" srcset=\"https:\/\/armstrongyregion.com.ar\/diario\/wp-content\/uploads\/2022\/11\/Esc-Tecnica-4-.jpg 500w, https:\/\/armstrongyregion.com.ar\/diario\/wp-content\/uploads\/2022\/11\/Esc-Tecnica-4--300x169.jpg 300w\" sizes=\"auto, (max-width: 500px) 100vw, 500px\" \/><\/figure>\n\n\n\n<p>Por otra parte, Cantero expres\u00f3 que \u00abesta es una escuela que le aporta a los chicos y chicas un equipamiento acorde a los desaf\u00edos de la \u00e9poca, porque hablamos de la vinculaci\u00f3n con el mundo de la producci\u00f3n y el trabajo y sabemos que hoy ni se produce ni se trabaja como hace 50 a\u00f1os\u201d.<\/p>\n\n\n\n<figure class=\"wp-block-image size-large\"><img loading=\"lazy\" decoding=\"async\" width=\"500\" height=\"282\" src=\"http:\/\/armstrongyregion.com.ar\/diario\/wp-content\/uploads\/2022\/11\/Esc-Tecnica-Omar.jpg\" alt=\"\" class=\"wp-image-36306\" srcset=\"https:\/\/armstrongyregion.com.ar\/diario\/wp-content\/uploads\/2022\/11\/Esc-Tecnica-Omar.jpg 500w, https:\/\/armstrongyregion.com.ar\/diario\/wp-content\/uploads\/2022\/11\/Esc-Tecnica-Omar-300x169.jpg 300w\" sizes=\"auto, (max-width: 500px) 100vw, 500px\" \/><\/figure>\n\n\n\n<p>Para finalizar, la ministra de Educaci\u00f3n indic\u00f3 que \u00ablas escuelas son esa posibilidad de que tengamos opciones para elegir\u201d y celebr\u00f3 que \u201cla escuela t\u00e9cnica tenga tantas mujeres hoy incorporadas en las aulas, esa tambi\u00e9n es una de las transformaciones de nuestro tiempo de las cu\u00e1les nuestros j\u00f3venes son tambi\u00e9n protagonistas, todo eso hace a la celebraci\u00f3n del d\u00eda de hoy, la escuela 291 tiene un edificio hermoso que va a albergar los sue\u00f1os de tantas generaciones, que va a construir posibilidades para una Santa Fe de pie con producci\u00f3n, trabajo y m\u00e1s educaci\u00f3n para todas y todos\u00bb<\/p>\n\n\n\n<p>Por su parte, la ministra de Infraestructura, Servicios P\u00fablicos y H\u00e1bitat, Silvina Frana, que no pudo estar presente, envi\u00f3 un mensaje a la comunidad educativa de la T\u00e9cnica 291 de Armstrong en el cual record\u00f3 que \u201ccuando llegamos a la gesti\u00f3n, esta era una obra empezada, neutralizada y sin continuidad, y por muchas gestiones que llevamos adelante, hoy podemos estar celebrando con ustedes esa emoci\u00f3n de tener un edificio lindo, donde se pueda trabajar, aprender y crecer &nbsp;porque un edificio es contenci\u00f3n, como lo son las escuelas que son edificios de contenci\u00f3n por excelencia.\u00bb<\/p>\n\n\n\n<p>A su turno, el senador por el departamento Belgrano, Guillermo Cornaglia, se\u00f1al\u00f3 que \u00abeste fue un pedido insistente de la comunidad de Amstrong, lo ped\u00edan muchos industriales, empresarios, porque ve\u00edan que esta escuela brindaba la posibilidad de recursos humanos para sus f\u00e1bricas, para las empresas y por eso este es un gran logro important\u00edsimo que finaliza se con este hermoso edificio por el cual felicitamos a toda la comunidad educativa\u00bb<\/p>\n\n\n\n<p>Finalmente, el director de la escuela \u00abFray Luis Beltr\u00e1n\u00bb, Juan Jos\u00e9 Flamini, entreg\u00f3 una serie de reconocimientos a diferentes estamentos del Estado, tanto nacional, provincial y local por las diferentes gestiones que llevaron a buen t\u00e9rmino la obra inaugurada. Del mismo modo, se refiri\u00f3 a distintos actores de la sociedad local y regional por sus aportes para la consolidaci\u00f3n de la educaci\u00f3n p\u00fablica en general y de la t\u00e9cnica 291 en particular.<\/p>\n\n\n\n<p><strong>PRESENTES<\/strong><br>Del acto tambi\u00e9n participaron el intendente de Armstrong, Pablo Verdecchia; el secretario de Educaci\u00f3n, V\u00edctor Debloc; el director provincial de Educaci\u00f3n T\u00e9cnica, Fernando Hadad; el delegado de la Regi\u00f3n V, Guillermo Virgili; miembros del Gabinete Educativo, autoridades locales, supervisores, directivos y docentes de la escuela t\u00e9cnica 291, alumnas, alumnos y representantes de la comunidad educativa.<\/p>\n\n\n\n<p><strong>LA OBRA<\/strong><br>El nuevo edificio posee una superficie cubierta de 2550 metros cuadrados, y contempla, en planta baja, hall principal, escaleras, ascensor con dep\u00f3sito, rampa para discapacitados, \u00e1rea parquizada, bicicleteros, \u00e1rea de gobierno, sal\u00f3n de usos m\u00faltiples, dep\u00f3sito, cantina, cocina, cinco talleres, laboratorio, sanitarios y patio central. En tanto, en planta alta, dispondr\u00e1 de seis aulas, sala multimedial y biblioteca.<\/p>\n\n\n\n<p>El proyecto conserv\u00f3 la fachada patrimonial de la ochava de calle Rivadavia, en su intersecci\u00f3n con la calle San Mart\u00edn, como sello distintivo y emblem\u00e1tico de la escuela para con la comunidad.<\/p>\n","protected":false},"excerpt":{"rendered":"<p>Los trabajos est\u00e1n enmarcados en el Plan Estrat\u00e9gico de Infraestructura Educativa por el que se est\u00e1n inaugurando obras por m\u00e1s de 2 mil millones de pesos. La ministra de Educaci\u00f3n, Adriana Cantero, encabez\u00f3 la inauguraci\u00f3n del nuevo edificio de la Escuela T\u00e9cnica N\u00b0 291 \u00abFray Luis Beltr\u00e1n\u00bb de la localidad de Armstrong, que demand\u00f3 una <a href=\"https:\/\/armstrongyregion.com.ar\/diario\/la-provincia-inauguro-el-nuevo-edificio-de-la-escuela-tecnica-n-291-de-armstrong\/\" title=\"Read more\" >&#8230;<\/a><\/p>\n","protected":false},"author":1,"featured_media":36301,"comment_status":"open","ping_status":"open","sticky":false,"template":"","format":"image","meta":{"_jetpack_memberships_contains_paid_content":false,"footnotes":"","jetpack_publicize_message":"","jetpack_publicize_feature_enabled":true,"jetpack_social_post_already_shared":true,"jetpack_social_options":{"image_generator_settings":{"template":"highway","default_image_id":0,"enabled":false},"version":2}},"categories":[6,8,1,2,7,3],"tags":[20,1691,744,224,8583,51,8582],"class_list":["post-36300","post","type-post","status-publish","format-image","has-post-thumbnail","hentry","category-cultura-entretenimiento","category-deliberando","category-diario-armstrong","category-locales","category-politica","category-region","tag-armstrong","tag-edificio","tag-escuela","tag-inauguracion","tag-n291","tag-nuevo","tag-tecnica-2","post_format-post-format-image"],"jetpack_publicize_connections":[],"jetpack_featured_media_url":"https:\/\/armstrongyregion.com.ar\/diario\/wp-content\/uploads\/2022\/11\/Esc-Tecnica-VA.jpg","jetpack_shortlink":"https:\/\/wp.me\/p62QDO-9ru","jetpack_sharing_enabled":true,"amp_enabled":true,"_links":{"self":[{"href":"https:\/\/armstrongyregion.com.ar\/diario\/wp-json\/wp\/v2\/posts\/36300","targetHints":{"allow":["GET"]}}],"collection":[{"href":"https:\/\/armstrongyregion.com.ar\/diario\/wp-json\/wp\/v2\/posts"}],"about":[{"href":"https:\/\/armstrongyregion.com.ar\/diario\/wp-json\/wp\/v2\/types\/post"}],"author":[{"embeddable":true,"href":"https:\/\/armstrongyregion.com.ar\/diario\/wp-json\/wp\/v2\/users\/1"}],"replies":[{"embeddable":true,"href":"https:\/\/armstrongyregion.com.ar\/diario\/wp-json\/wp\/v2\/comments?post=36300"}],"version-history":[{"count":3,"href":"https:\/\/armstrongyregion.com.ar\/diario\/wp-json\/wp\/v2\/posts\/36300\/revisions"}],"predecessor-version":[{"id":36403,"href":"https:\/\/armstrongyregion.com.ar\/diario\/wp-json\/wp\/v2\/posts\/36300\/revisions\/36403"}],"wp:featuredmedia":[{"embeddable":true,"href":"https:\/\/armstrongyregion.com.ar\/diario\/wp-json\/wp\/v2\/media\/36301"}],"wp:attachment":[{"href":"https:\/\/armstrongyregion.com.ar\/diario\/wp-json\/wp\/v2\/media?parent=36300"}],"wp:term":[{"taxonomy":"category","embeddable":true,"href":"https:\/\/armstrongyregion.com.ar\/diario\/wp-json\/wp\/v2\/categories?post=36300"},{"taxonomy":"post_tag","embeddable":true,"href":"https:\/\/armstrongyregion.com.ar\/diario\/wp-json\/wp\/v2\/tags?post=36300"}],"curies":[{"name":"wp","href":"https:\/\/api.w.org\/{rel}","templated":true}]}}