{"id":36291,"date":"2022-11-04T01:47:45","date_gmt":"2022-11-04T01:47:45","guid":{"rendered":"https:\/\/armstrongyregion.com.ar\/diario\/?p=36291"},"modified":"2022-11-04T01:47:48","modified_gmt":"2022-11-04T01:47:48","slug":"impulsan-el-desarrollo-de-una-marca-turistica-para-la-region-centro","status":"publish","type":"post","link":"https:\/\/armstrongyregion.com.ar\/diario\/impulsan-el-desarrollo-de-una-marca-turistica-para-la-region-centro\/","title":{"rendered":"Impulsan el desarrollo de una marca tur\u00edstica para la Regi\u00f3n Centro."},"content":{"rendered":"\n<figure class=\"wp-block-image size-large\"><img loading=\"lazy\" decoding=\"async\" width=\"692\" height=\"462\" src=\"http:\/\/armstrongyregion.com.ar\/diario\/wp-content\/uploads\/2022\/11\/Grandineti-3-11-.jpg\" alt=\"\" class=\"wp-image-36292\" srcset=\"https:\/\/armstrongyregion.com.ar\/diario\/wp-content\/uploads\/2022\/11\/Grandineti-3-11-.jpg 692w, https:\/\/armstrongyregion.com.ar\/diario\/wp-content\/uploads\/2022\/11\/Grandineti-3-11--300x200.jpg 300w\" sizes=\"auto, (max-width: 692px) 100vw, 692px\" \/><\/figure>\n\n\n\n<h2 class=\"wp-block-heading\"> Autoridades y referentes de las provincias de Santa Fe, C\u00f3rdoba y Entre R\u00edos mantuvieron una reuni\u00f3n de trabajo para articular acciones de promoci\u00f3n conjuntas de turismo social, acad\u00e9mico, empresarial y educativo. <\/h2>\n\n\n\n<p>\n\nFuncionarios de las provincias Santa Fe, C\u00f3rdoba y Entre R\u00edos, que integran la Regi\u00f3n Centro, se reunieron en Rosario para abordar temas vinculados con el desarrollo de una marca tur\u00edstica y la realizaci\u00f3n de acciones conjuntas en materia de turismo social, de reuniones, acad\u00e9mico, empresarial y educativo.<\/p>\n\n\n\n<p>Participaron del encuentro los secretarios de Turismo de Santa Fe, Alejandro Grandinetti; y de Entre R\u00edos, Mar\u00eda Laura Saad; y el presidente de la Agencia C\u00f3rdoba Turismo, Esteban Avil\u00e9s; acompa\u00f1ados por referentes pol\u00edticos y t\u00e9cnicos de sus equipos de trabajo.<\/p>\n\n\n\n<p>Durante el encuentro, de car\u00e1cter t\u00e9cnico, se avanz\u00f3 sobre las posibilidades de vinculaci\u00f3n con los sectores privados empresariales y acad\u00e9micos de cada una de las provincias y las potencialidades derivadas del complemento de los productos.<\/p>\n\n\n\n<p>En ese sentido, Grandinetti sostuvo que \u201cnos complace encontrarnos con los m\u00e1ximos responsables de turismo de las provincias de C\u00f3rdoba y Entre R\u00edos para coordinar acciones conjuntas y un eventual encuentro presidido por los gobernadores sobre la tem\u00e1tica\u201d.<\/p>\n\n\n\n<p>\u201cEl trabajo articulado y colaborativo en materia de turismo con provincias tan importantes como C\u00f3rdoba y Entre R\u00edos, ponen a Santa Fe tambi\u00e9n en una posici\u00f3n de crecimiento, no solamente en cuanto a experiencias y coordinaciones, sino tambi\u00e9n en la posibilidad de poder ofertar productos comunes que involucran sierras, r\u00edo y mucho m\u00e1s. La importancia pol\u00edtica de un pronunciamiento de turismo donde la Regi\u00f3n Centro incorporar\u00eda un gran potencial de complementariedad\u201d, destac\u00f3 el secretario santaesino.<\/p>\n\n\n\n<p>Por \u00faltimo, acordaron coordinar un Foro de Turismo de la Regi\u00f3n Centro, en la provincia de Santa Fe, que contar\u00e1 con la participaci\u00f3n de los tres gobernadores.<br><\/p>\n","protected":false},"excerpt":{"rendered":"<p>Autoridades y referentes de las provincias de Santa Fe, C\u00f3rdoba y Entre R\u00edos mantuvieron una reuni\u00f3n de trabajo para articular acciones de promoci\u00f3n conjuntas de turismo social, acad\u00e9mico, empresarial y educativo. Funcionarios de las provincias Santa Fe, C\u00f3rdoba y Entre R\u00edos, que integran la Regi\u00f3n Centro, se reunieron en Rosario para abordar temas vinculados con <a href=\"https:\/\/armstrongyregion.com.ar\/diario\/impulsan-el-desarrollo-de-una-marca-turistica-para-la-region-centro\/\" title=\"Read more\" >&#8230;<\/a><\/p>\n","protected":false},"author":1,"featured_media":36292,"comment_status":"open","ping_status":"open","sticky":false,"template":"","format":"image","meta":{"_jetpack_memberships_contains_paid_content":false,"footnotes":"","jetpack_publicize_message":"","jetpack_publicize_feature_enabled":true,"jetpack_social_post_already_shared":true,"jetpack_social_options":{"image_generator_settings":{"template":"highway","default_image_id":0,"enabled":false},"version":2}},"categories":[8,1,2,7,3],"tags":[],"class_list":["post-36291","post","type-post","status-publish","format-image","has-post-thumbnail","hentry","category-deliberando","category-diario-armstrong","category-locales","category-politica","category-region","post_format-post-format-image"],"jetpack_publicize_connections":[],"jetpack_featured_media_url":"https:\/\/armstrongyregion.com.ar\/diario\/wp-content\/uploads\/2022\/11\/Grandineti-3-11-.jpg","jetpack_shortlink":"https:\/\/wp.me\/p62QDO-9rl","jetpack_sharing_enabled":true,"amp_enabled":true,"_links":{"self":[{"href":"https:\/\/armstrongyregion.com.ar\/diario\/wp-json\/wp\/v2\/posts\/36291","targetHints":{"allow":["GET"]}}],"collection":[{"href":"https:\/\/armstrongyregion.com.ar\/diario\/wp-json\/wp\/v2\/posts"}],"about":[{"href":"https:\/\/armstrongyregion.com.ar\/diario\/wp-json\/wp\/v2\/types\/post"}],"author":[{"embeddable":true,"href":"https:\/\/armstrongyregion.com.ar\/diario\/wp-json\/wp\/v2\/users\/1"}],"replies":[{"embeddable":true,"href":"https:\/\/armstrongyregion.com.ar\/diario\/wp-json\/wp\/v2\/comments?post=36291"}],"version-history":[{"count":1,"href":"https:\/\/armstrongyregion.com.ar\/diario\/wp-json\/wp\/v2\/posts\/36291\/revisions"}],"predecessor-version":[{"id":36293,"href":"https:\/\/armstrongyregion.com.ar\/diario\/wp-json\/wp\/v2\/posts\/36291\/revisions\/36293"}],"wp:featuredmedia":[{"embeddable":true,"href":"https:\/\/armstrongyregion.com.ar\/diario\/wp-json\/wp\/v2\/media\/36292"}],"wp:attachment":[{"href":"https:\/\/armstrongyregion.com.ar\/diario\/wp-json\/wp\/v2\/media?parent=36291"}],"wp:term":[{"taxonomy":"category","embeddable":true,"href":"https:\/\/armstrongyregion.com.ar\/diario\/wp-json\/wp\/v2\/categories?post=36291"},{"taxonomy":"post_tag","embeddable":true,"href":"https:\/\/armstrongyregion.com.ar\/diario\/wp-json\/wp\/v2\/tags?post=36291"}],"curies":[{"name":"wp","href":"https:\/\/api.w.org\/{rel}","templated":true}]}}