{"id":3629,"date":"2015-08-17T14:54:07","date_gmt":"2015-08-17T14:54:07","guid":{"rendered":"https:\/\/armstrongyregion.com.ar\/diario\/?p=3629"},"modified":"2015-08-17T14:54:07","modified_gmt":"2015-08-17T14:54:07","slug":"diego-mansilla-participara-este-lunes-de-una-sesion-del-parlasur","status":"publish","type":"post","link":"https:\/\/armstrongyregion.com.ar\/diario\/diego-mansilla-participara-este-lunes-de-una-sesion-del-parlasur\/","title":{"rendered":"Diego Mansilla participar\u00e1 este lunes de una sesi\u00f3n del Parlasur."},"content":{"rendered":"<p><a href=\"http:\/\/armstrongyregion.com.ar\/diario\/wp-content\/uploads\/2015\/08\/diego-mansilla-reuni\u00f3n-parlamentarios-mercosur-y-candidatos.jpg\"><img loading=\"lazy\" decoding=\"async\" class=\"alignnone size-medium wp-image-3630\" src=\"http:\/\/armstrongyregion.com.ar\/diario\/wp-content\/uploads\/2015\/08\/diego-mansilla-reuni\u00f3n-parlamentarios-mercosur-y-candidatos-300x169.jpg\" alt=\"diego-mansilla-armstrong-y-region-\" width=\"300\" height=\"169\" srcset=\"https:\/\/armstrongyregion.com.ar\/diario\/wp-content\/uploads\/2015\/08\/diego-mansilla-reuni\u00f3n-parlamentarios-mercosur-y-candidatos-300x169.jpg 300w, https:\/\/armstrongyregion.com.ar\/diario\/wp-content\/uploads\/2015\/08\/diego-mansilla-reuni\u00f3n-parlamentarios-mercosur-y-candidatos-1024x576.jpg 1024w\" sizes=\"auto, (max-width: 300px) 100vw, 300px\" \/><\/a>\u201cEstamos consolidando la integraci\u00f3n continental\u201d<br \/>\n\u201cCon estas primeras elecciones directas de representantes de nuestro pa\u00eds estamos consolidando la integraci\u00f3n continental, en la que ya se viene trabajando con mucha fuerza\u201d, dijo Diego Mansilla, candidato a parlamentario del Mercosur por el FPV santafesino, que este lunes asistir\u00e1 a una reuni\u00f3n ordinaria del Parlasur.<br \/>\n\u201cEstamos afinando nuestras futuras acciones y propuestas con quienes ya vienen representando a la Argentina en este espacio del Mercosur, en el que tenemos mucho para avanzar en la complementaci\u00f3n, en la planificaci\u00f3n conjunta, para continuar el camino de recuperaci\u00f3n de la dignidad de los pueblos latinoamericanos\u201d, sostuvo Mansilla, luego de participar de un encuentro, el jueves pasado, en el Congreso de la Naci\u00f3n. A la reuni\u00f3n asistieron, entre otros, los actuales diputados nacionales y parlamentarios del Mercosur Andr\u00e9s Larroque, Guillermo Carmona y Julia Peri\u00e9; los candidatos por distrito \u00fanico Jorge Taiana, Teresa Parodi, Agustin Rossi, Daniel Filmus, Milagro Sala, Eduardo Valdez, V\u00edctor Santa Mar\u00eda y Oscar Laborde; el candidato por Santa Cruz Mario Metaza, el Director de la Casa Patria Grande Pablo Vilas y el funcionario de la Canciller\u00eda argentina Lucas Serna.<br \/>\n\u201cNuestro compromiso es darle continuidad a las pol\u00edticas de crecimiento con creaci\u00f3n de fuentes de trabajo, con inclusi\u00f3n social, a trav\u00e9s de la profundizaci\u00f3n de la integraci\u00f3n continental para lograr un desarrollo arm\u00f3nico, para todos\u201d, remarc\u00f3 Diego Mansilla.<\/p>\n","protected":false},"excerpt":{"rendered":"<p>\u201cEstamos consolidando la integraci\u00f3n continental\u201d \u201cCon estas primeras elecciones directas de representantes de nuestro pa\u00eds estamos consolidando la integraci\u00f3n continental, en la que ya se viene trabajando con mucha fuerza\u201d, dijo Diego Mansilla, candidato a parlamentario del Mercosur por el FPV santafesino, que este lunes asistir\u00e1 a una reuni\u00f3n ordinaria del Parlasur. \u201cEstamos afinando nuestras <a href=\"https:\/\/armstrongyregion.com.ar\/diario\/diego-mansilla-participara-este-lunes-de-una-sesion-del-parlasur\/\" title=\"Read more\" >&#8230;<\/a><\/p>\n","protected":false},"author":2,"featured_media":3630,"comment_status":"open","ping_status":"open","sticky":false,"template":"","format":"standard","meta":{"_jetpack_memberships_contains_paid_content":false,"footnotes":"","jetpack_publicize_message":"","jetpack_publicize_feature_enabled":true,"jetpack_social_post_already_shared":false,"jetpack_social_options":{"image_generator_settings":{"template":"highway","default_image_id":0,"enabled":false},"version":2}},"categories":[1,2,7,3],"tags":[19,53,990,162,539,991,2535,2533,2534,103],"class_list":["post-3629","post","type-post","status-publish","format-standard","has-post-thumbnail","hentry","category-diario-armstrong","category-locales","category-politica","category-region","tag-de","tag-del","tag-diego","tag-este","tag-lunes","tag-mansilla","tag-parlasur","tag-participara","tag-sesion","tag-una"],"jetpack_publicize_connections":[],"jetpack_featured_media_url":"https:\/\/armstrongyregion.com.ar\/diario\/wp-content\/uploads\/2015\/08\/diego-mansilla-reuni\u00f3n-parlamentarios-mercosur-y-candidatos.jpg","jetpack_shortlink":"https:\/\/wp.me\/p62QDO-Wx","jetpack_sharing_enabled":true,"amp_enabled":true,"_links":{"self":[{"href":"https:\/\/armstrongyregion.com.ar\/diario\/wp-json\/wp\/v2\/posts\/3629","targetHints":{"allow":["GET"]}}],"collection":[{"href":"https:\/\/armstrongyregion.com.ar\/diario\/wp-json\/wp\/v2\/posts"}],"about":[{"href":"https:\/\/armstrongyregion.com.ar\/diario\/wp-json\/wp\/v2\/types\/post"}],"author":[{"embeddable":true,"href":"https:\/\/armstrongyregion.com.ar\/diario\/wp-json\/wp\/v2\/users\/2"}],"replies":[{"embeddable":true,"href":"https:\/\/armstrongyregion.com.ar\/diario\/wp-json\/wp\/v2\/comments?post=3629"}],"version-history":[{"count":0,"href":"https:\/\/armstrongyregion.com.ar\/diario\/wp-json\/wp\/v2\/posts\/3629\/revisions"}],"wp:featuredmedia":[{"embeddable":true,"href":"https:\/\/armstrongyregion.com.ar\/diario\/wp-json\/wp\/v2\/media\/3630"}],"wp:attachment":[{"href":"https:\/\/armstrongyregion.com.ar\/diario\/wp-json\/wp\/v2\/media?parent=3629"}],"wp:term":[{"taxonomy":"category","embeddable":true,"href":"https:\/\/armstrongyregion.com.ar\/diario\/wp-json\/wp\/v2\/categories?post=3629"},{"taxonomy":"post_tag","embeddable":true,"href":"https:\/\/armstrongyregion.com.ar\/diario\/wp-json\/wp\/v2\/tags?post=3629"}],"curies":[{"name":"wp","href":"https:\/\/api.w.org\/{rel}","templated":true}]}}