{"id":36265,"date":"2022-11-02T21:35:57","date_gmt":"2022-11-02T21:35:57","guid":{"rendered":"https:\/\/armstrongyregion.com.ar\/diario\/?p=36265"},"modified":"2022-11-02T22:12:51","modified_gmt":"2022-11-02T22:12:51","slug":"renovacion-por-armstrong-solicita-la-creacion-del-fondo-para-el-financiamiento-y-promocion-de-emprendedores","status":"publish","type":"post","link":"https:\/\/armstrongyregion.com.ar\/diario\/renovacion-por-armstrong-solicita-la-creacion-del-fondo-para-el-financiamiento-y-promocion-de-emprendedores\/","title":{"rendered":"Renovaci\u00f3n por Armstrong solicita la creaci\u00f3n del \u201cFondo para el financiamiento y promoci\u00f3n de emprendedores\u201d."},"content":{"rendered":"\n<figure class=\"wp-block-image size-large\"><img loading=\"lazy\" decoding=\"async\" width=\"585\" height=\"368\" src=\"http:\/\/armstrongyregion.com.ar\/diario\/wp-content\/uploads\/2022\/07\/Emi-Gramigna-19-017-22-.jpg\" alt=\"\" class=\"wp-image-35157\" srcset=\"https:\/\/armstrongyregion.com.ar\/diario\/wp-content\/uploads\/2022\/07\/Emi-Gramigna-19-017-22-.jpg 585w, https:\/\/armstrongyregion.com.ar\/diario\/wp-content\/uploads\/2022\/07\/Emi-Gramigna-19-017-22--300x189.jpg 300w\" sizes=\"auto, (max-width: 585px) 100vw, 585px\" \/><\/figure>\n\n\n\n<h2 class=\"wp-block-heading\"> El concejal de Renovaci\u00f3n por Armstrong, Emiliano Gramigna expresaba: \u201cHoy presentamos una ordenanza en la que solicitamos realizar un fondo para la creaci\u00f3n y el  financiamiento de los microemprendedores de la ciudad\u201d.<\/h2>\n\n\n\n<p> Luego a\u00f1adi\u00f3: \u201cLa finalidad que tiene es justamente brindar herramientas de asistencia financiera y de asesoramiento a microemprendedores que a\u00fan teniendo proyectos que son muy viables tienen la limitaci\u00f3n de no poder acceder al cr\u00e9dito por requisitos fiscales y otros requisitos que piden los lugares tradicionales para conseguir un pr\u00e9stamo y entonces a trav\u00e9s de este fondo lo que se quiere lograr es que los emprendedores puedan tener un monto disponible facilitado por el estado municipal donde cualquiera sea el rubro, ya sea de comercio minorista gastron\u00f3mico o hasta una impresora 3 D para poder fabricar insumos o merchandising\u201d.<\/p>\n\n\n\n<p>\u201cLa idea es que todos esos proyectos que est\u00e9n en la cabeza de los microemprendedores armstronenses puedan ser plasmados a trav\u00e9s de un efectivo financiamiento por parte del municipio desde de la secretar\u00eda de producci\u00f3n para que puedan desarrollar los productos y comercializarlos. Tenemos una ciudad donde la din\u00e1mica econ\u00f3mica es muy alta, lo \u00fanico que se necesita es oportunidades de progreso que pueden  brindar estas herramientas a trav\u00e9s de este fondo\u201d. Afirm\u00f3 el edil.<\/p>\n\n\n\n<p>Gramigna finaliz\u00f3: \u00abPor supuesto que es un fondo que nos es gratuito, se debe devolver de acuerdo a caracter\u00edsticas del contrato que se firme como se hace hoy como el fondo rotatorio\u00bb.  <\/p>\n","protected":false},"excerpt":{"rendered":"<p>El concejal de Renovaci\u00f3n por Armstrong, Emiliano Gramigna expresaba: \u201cHoy presentamos una ordenanza en la que solicitamos realizar un fondo para la creaci\u00f3n y el financiamiento de los microemprendedores de la ciudad\u201d. Luego a\u00f1adi\u00f3: \u201cLa finalidad que tiene es justamente brindar herramientas de asistencia financiera y de asesoramiento a microemprendedores que a\u00fan teniendo proyectos que <a href=\"https:\/\/armstrongyregion.com.ar\/diario\/renovacion-por-armstrong-solicita-la-creacion-del-fondo-para-el-financiamiento-y-promocion-de-emprendedores\/\" title=\"Read more\" >&#8230;<\/a><\/p>\n","protected":false},"author":1,"featured_media":35157,"comment_status":"open","ping_status":"open","sticky":false,"template":"","format":"image","meta":{"_jetpack_memberships_contains_paid_content":false,"footnotes":"","jetpack_publicize_message":"","jetpack_publicize_feature_enabled":true,"jetpack_social_post_already_shared":true,"jetpack_social_options":{"image_generator_settings":{"template":"highway","default_image_id":0,"enabled":false},"version":2}},"categories":[8,1,2,7,3],"tags":[],"class_list":["post-36265","post","type-post","status-publish","format-image","has-post-thumbnail","hentry","category-deliberando","category-diario-armstrong","category-locales","category-politica","category-region","post_format-post-format-image"],"jetpack_publicize_connections":[],"jetpack_featured_media_url":"https:\/\/armstrongyregion.com.ar\/diario\/wp-content\/uploads\/2022\/07\/Emi-Gramigna-19-017-22-.jpg","jetpack_shortlink":"https:\/\/wp.me\/p62QDO-9qV","jetpack_sharing_enabled":true,"amp_enabled":true,"_links":{"self":[{"href":"https:\/\/armstrongyregion.com.ar\/diario\/wp-json\/wp\/v2\/posts\/36265","targetHints":{"allow":["GET"]}}],"collection":[{"href":"https:\/\/armstrongyregion.com.ar\/diario\/wp-json\/wp\/v2\/posts"}],"about":[{"href":"https:\/\/armstrongyregion.com.ar\/diario\/wp-json\/wp\/v2\/types\/post"}],"author":[{"embeddable":true,"href":"https:\/\/armstrongyregion.com.ar\/diario\/wp-json\/wp\/v2\/users\/1"}],"replies":[{"embeddable":true,"href":"https:\/\/armstrongyregion.com.ar\/diario\/wp-json\/wp\/v2\/comments?post=36265"}],"version-history":[{"count":2,"href":"https:\/\/armstrongyregion.com.ar\/diario\/wp-json\/wp\/v2\/posts\/36265\/revisions"}],"predecessor-version":[{"id":36275,"href":"https:\/\/armstrongyregion.com.ar\/diario\/wp-json\/wp\/v2\/posts\/36265\/revisions\/36275"}],"wp:featuredmedia":[{"embeddable":true,"href":"https:\/\/armstrongyregion.com.ar\/diario\/wp-json\/wp\/v2\/media\/35157"}],"wp:attachment":[{"href":"https:\/\/armstrongyregion.com.ar\/diario\/wp-json\/wp\/v2\/media?parent=36265"}],"wp:term":[{"taxonomy":"category","embeddable":true,"href":"https:\/\/armstrongyregion.com.ar\/diario\/wp-json\/wp\/v2\/categories?post=36265"},{"taxonomy":"post_tag","embeddable":true,"href":"https:\/\/armstrongyregion.com.ar\/diario\/wp-json\/wp\/v2\/tags?post=36265"}],"curies":[{"name":"wp","href":"https:\/\/api.w.org\/{rel}","templated":true}]}}