{"id":3626,"date":"2015-08-17T14:47:30","date_gmt":"2015-08-17T14:47:30","guid":{"rendered":"https:\/\/armstrongyregion.com.ar\/diario\/?p=3626"},"modified":"2015-08-17T14:47:30","modified_gmt":"2015-08-17T14:47:30","slug":"se-suspenden-los-festejos-del-dia-del-nino-por-la-perdida-del-padre-malarria","status":"publish","type":"post","link":"https:\/\/armstrongyregion.com.ar\/diario\/se-suspenden-los-festejos-del-dia-del-nino-por-la-perdida-del-padre-malarria\/","title":{"rendered":"Se suspenden los Festejos del D\u00eda del Ni\u00f1o por la p\u00e9rdida del Padre Malarr\u00eda."},"content":{"rendered":"<p><a href=\"http:\/\/armstrongyregion.com.ar\/diario\/wp-content\/uploads\/2015\/08\/11896092_10205290762014216_5416770396895046379_n.jpg\"><img loading=\"lazy\" decoding=\"async\" class=\"alignnone size-medium wp-image-3627\" src=\"http:\/\/armstrongyregion.com.ar\/diario\/wp-content\/uploads\/2015\/08\/11896092_10205290762014216_5416770396895046379_n-300x246.jpg\" alt=\"Rub\u00e9n-Malarr\u00eda-Armstrong-\" width=\"300\" height=\"246\" srcset=\"https:\/\/armstrongyregion.com.ar\/diario\/wp-content\/uploads\/2015\/08\/11896092_10205290762014216_5416770396895046379_n-300x246.jpg 300w, https:\/\/armstrongyregion.com.ar\/diario\/wp-content\/uploads\/2015\/08\/11896092_10205290762014216_5416770396895046379_n.jpg 731w\" sizes=\"auto, (max-width: 300px) 100vw, 300px\" \/><\/a>La Municipalidad de Armstrong informa a toda la ciudadan\u00eda que los festejos del D\u00eda del Ni\u00f1o a realizarse hoy lunes 17 de agosto a partir de las 15hs. en el Bracito Fuerte SE SUSPENDEN, debido al fallecimiento y sepelio del padre Rub\u00e9n Malarr\u00eda quien fuera el p\u00e1rroco local durante d\u00e9cadas.<\/p>\n","protected":false},"excerpt":{"rendered":"<p>La Municipalidad de Armstrong informa a toda la ciudadan\u00eda que los festejos del D\u00eda del Ni\u00f1o a realizarse hoy lunes 17 de agosto a partir de las 15hs. en el Bracito Fuerte SE SUSPENDEN, debido al fallecimiento y sepelio del padre Rub\u00e9n Malarr\u00eda quien fuera el p\u00e1rroco local durante d\u00e9cadas.<\/p>\n","protected":false},"author":2,"featured_media":3627,"comment_status":"open","ping_status":"open","sticky":false,"template":"","format":"standard","meta":{"_jetpack_memberships_contains_paid_content":false,"footnotes":"","jetpack_publicize_message":"","jetpack_publicize_feature_enabled":true,"jetpack_social_post_already_shared":false,"jetpack_social_options":{"image_generator_settings":{"template":"highway","default_image_id":0,"enabled":false},"version":2}},"categories":[1,2,3],"tags":[53,793,841,31,42,2532,2502,2073,2531,60,86,2530],"class_list":["post-3626","post","type-post","status-publish","format-standard","has-post-thumbnail","hentry","category-diario-armstrong","category-locales","category-region","tag-del","tag-dia","tag-festejos","tag-la","tag-los","tag-malarria","tag-nino","tag-padre","tag-perdida","tag-por","tag-se","tag-suspenden"],"jetpack_publicize_connections":[],"jetpack_featured_media_url":"https:\/\/armstrongyregion.com.ar\/diario\/wp-content\/uploads\/2015\/08\/11896092_10205290762014216_5416770396895046379_n.jpg","jetpack_shortlink":"https:\/\/wp.me\/p62QDO-Wu","jetpack_sharing_enabled":true,"amp_enabled":true,"_links":{"self":[{"href":"https:\/\/armstrongyregion.com.ar\/diario\/wp-json\/wp\/v2\/posts\/3626","targetHints":{"allow":["GET"]}}],"collection":[{"href":"https:\/\/armstrongyregion.com.ar\/diario\/wp-json\/wp\/v2\/posts"}],"about":[{"href":"https:\/\/armstrongyregion.com.ar\/diario\/wp-json\/wp\/v2\/types\/post"}],"author":[{"embeddable":true,"href":"https:\/\/armstrongyregion.com.ar\/diario\/wp-json\/wp\/v2\/users\/2"}],"replies":[{"embeddable":true,"href":"https:\/\/armstrongyregion.com.ar\/diario\/wp-json\/wp\/v2\/comments?post=3626"}],"version-history":[{"count":0,"href":"https:\/\/armstrongyregion.com.ar\/diario\/wp-json\/wp\/v2\/posts\/3626\/revisions"}],"wp:featuredmedia":[{"embeddable":true,"href":"https:\/\/armstrongyregion.com.ar\/diario\/wp-json\/wp\/v2\/media\/3627"}],"wp:attachment":[{"href":"https:\/\/armstrongyregion.com.ar\/diario\/wp-json\/wp\/v2\/media?parent=3626"}],"wp:term":[{"taxonomy":"category","embeddable":true,"href":"https:\/\/armstrongyregion.com.ar\/diario\/wp-json\/wp\/v2\/categories?post=3626"},{"taxonomy":"post_tag","embeddable":true,"href":"https:\/\/armstrongyregion.com.ar\/diario\/wp-json\/wp\/v2\/tags?post=3626"}],"curies":[{"name":"wp","href":"https:\/\/api.w.org\/{rel}","templated":true}]}}