{"id":36252,"date":"2022-11-02T04:06:47","date_gmt":"2022-11-02T04:06:47","guid":{"rendered":"https:\/\/armstrongyregion.com.ar\/diario\/?p=36252"},"modified":"2022-11-02T04:06:49","modified_gmt":"2022-11-02T04:06:49","slug":"el-bloque-justicialista-presento-un-proyecto-para-la-creacion-de-un-registro-municipal-de-motos","status":"publish","type":"post","link":"https:\/\/armstrongyregion.com.ar\/diario\/el-bloque-justicialista-presento-un-proyecto-para-la-creacion-de-un-registro-municipal-de-motos\/","title":{"rendered":"El bloque Justicialista present\u00f3 un proyecto para la creaci\u00f3n de un \u201cRegistro Municipal de Motos\u201d."},"content":{"rendered":"\n<figure class=\"wp-block-image size-large\"><img loading=\"lazy\" decoding=\"async\" width=\"540\" height=\"449\" src=\"http:\/\/armstrongyregion.com.ar\/diario\/wp-content\/uploads\/2022\/11\/luz-fischer-1-11-22.jpg\" alt=\"\" class=\"wp-image-36253\" srcset=\"https:\/\/armstrongyregion.com.ar\/diario\/wp-content\/uploads\/2022\/11\/luz-fischer-1-11-22.jpg 540w, https:\/\/armstrongyregion.com.ar\/diario\/wp-content\/uploads\/2022\/11\/luz-fischer-1-11-22-300x249.jpg 300w\" sizes=\"auto, (max-width: 540px) 100vw, 540px\" \/><\/figure>\n\n\n\n<p>\nLa concejal Luz Marina Fischer, en dialogo con nuestro medio\nexpresaba: \u201cEn la noche de hoy presentamos un proyecto de ordenanza\npara la creaci\u00f3n de un \u201cRegistro Municipal de Motos\u201d de hasta\n150c y modelos anteriores a 2012\u201d.<\/p>\n\n\n\n<p>Luego a\u00f1adi\u00f3: \u201cEsta es una herramienta para que el municipio tenga un control de esas motos y pueda otorgarle a los titulares una patente municipal que les permita circular dentro de la ciudad. La idea es siempre brindar un instrumento que sea beneficioso para los ciudadanos\u201d.<\/p>\n\n\n\n<p>\u201cHemos tomado este proyecto como modelo de ciudades vecinas donde s\u00ed funcion\u00f3. Yo me contacte con el intendente de la ciudad de Las Parejas Horacio Compagnucci y me explic\u00f3 que all\u00ed se hab\u00eda implementado hace varios a\u00f1os atr\u00e1s. Las personas que tienen estas motos como \u00fanico medio de transporte,  b\u00e1sicamente lo usan para ir a trabajar, para llevar los ni\u00f1os a la escuela y la idea de efectuar una patente municipal es habilitar esas motos para que puedan transitar en la ciudad\u201d. Finaliz\u00f3 Fischer.<\/p>\n","protected":false},"excerpt":{"rendered":"<p>La concejal Luz Marina Fischer, en dialogo con nuestro medio expresaba: \u201cEn la noche de hoy presentamos un proyecto de ordenanza para la creaci\u00f3n de un \u201cRegistro Municipal de Motos\u201d de hasta 150c y modelos anteriores a 2012\u201d. Luego a\u00f1adi\u00f3: \u201cEsta es una herramienta para que el municipio tenga un control de esas motos y <a href=\"https:\/\/armstrongyregion.com.ar\/diario\/el-bloque-justicialista-presento-un-proyecto-para-la-creacion-de-un-registro-municipal-de-motos\/\" title=\"Read more\" >&#8230;<\/a><\/p>\n","protected":false},"author":1,"featured_media":36253,"comment_status":"open","ping_status":"open","sticky":false,"template":"","format":"image","meta":{"_jetpack_memberships_contains_paid_content":false,"footnotes":"","jetpack_publicize_message":"","jetpack_publicize_feature_enabled":true,"jetpack_social_post_already_shared":true,"jetpack_social_options":{"image_generator_settings":{"template":"highway","default_image_id":0,"enabled":false},"version":2}},"categories":[8,1,2,7],"tags":[],"class_list":["post-36252","post","type-post","status-publish","format-image","has-post-thumbnail","hentry","category-deliberando","category-diario-armstrong","category-locales","category-politica","post_format-post-format-image"],"jetpack_publicize_connections":[],"jetpack_featured_media_url":"https:\/\/armstrongyregion.com.ar\/diario\/wp-content\/uploads\/2022\/11\/luz-fischer-1-11-22.jpg","jetpack_shortlink":"https:\/\/wp.me\/p62QDO-9qI","jetpack_sharing_enabled":true,"amp_enabled":true,"_links":{"self":[{"href":"https:\/\/armstrongyregion.com.ar\/diario\/wp-json\/wp\/v2\/posts\/36252","targetHints":{"allow":["GET"]}}],"collection":[{"href":"https:\/\/armstrongyregion.com.ar\/diario\/wp-json\/wp\/v2\/posts"}],"about":[{"href":"https:\/\/armstrongyregion.com.ar\/diario\/wp-json\/wp\/v2\/types\/post"}],"author":[{"embeddable":true,"href":"https:\/\/armstrongyregion.com.ar\/diario\/wp-json\/wp\/v2\/users\/1"}],"replies":[{"embeddable":true,"href":"https:\/\/armstrongyregion.com.ar\/diario\/wp-json\/wp\/v2\/comments?post=36252"}],"version-history":[{"count":1,"href":"https:\/\/armstrongyregion.com.ar\/diario\/wp-json\/wp\/v2\/posts\/36252\/revisions"}],"predecessor-version":[{"id":36254,"href":"https:\/\/armstrongyregion.com.ar\/diario\/wp-json\/wp\/v2\/posts\/36252\/revisions\/36254"}],"wp:featuredmedia":[{"embeddable":true,"href":"https:\/\/armstrongyregion.com.ar\/diario\/wp-json\/wp\/v2\/media\/36253"}],"wp:attachment":[{"href":"https:\/\/armstrongyregion.com.ar\/diario\/wp-json\/wp\/v2\/media?parent=36252"}],"wp:term":[{"taxonomy":"category","embeddable":true,"href":"https:\/\/armstrongyregion.com.ar\/diario\/wp-json\/wp\/v2\/categories?post=36252"},{"taxonomy":"post_tag","embeddable":true,"href":"https:\/\/armstrongyregion.com.ar\/diario\/wp-json\/wp\/v2\/tags?post=36252"}],"curies":[{"name":"wp","href":"https:\/\/api.w.org\/{rel}","templated":true}]}}