{"id":36247,"date":"2022-11-02T01:45:00","date_gmt":"2022-11-02T01:45:00","guid":{"rendered":"https:\/\/armstrongyregion.com.ar\/diario\/?p=36247"},"modified":"2022-11-02T01:45:02","modified_gmt":"2022-11-02T01:45:02","slug":"rasetto-y-ballori-invitan-a-la-feria-cultura-iriondo-en-bustinza","status":"publish","type":"post","link":"https:\/\/armstrongyregion.com.ar\/diario\/rasetto-y-ballori-invitan-a-la-feria-cultura-iriondo-en-bustinza\/","title":{"rendered":"Rasetto y Ballori invitan a la Feria Cultura Iriondo en Bustinza."},"content":{"rendered":"\n<figure class=\"wp-block-image size-large\"><img loading=\"lazy\" decoding=\"async\" width=\"422\" height=\"422\" src=\"http:\/\/armstrongyregion.com.ar\/diario\/wp-content\/uploads\/2022\/11\/Cultura-Iriondo-Bustinza.jpg\" alt=\"\" class=\"wp-image-36248\" srcset=\"https:\/\/armstrongyregion.com.ar\/diario\/wp-content\/uploads\/2022\/11\/Cultura-Iriondo-Bustinza.jpg 422w, https:\/\/armstrongyregion.com.ar\/diario\/wp-content\/uploads\/2022\/11\/Cultura-Iriondo-Bustinza-300x300.jpg 300w, https:\/\/armstrongyregion.com.ar\/diario\/wp-content\/uploads\/2022\/11\/Cultura-Iriondo-Bustinza-150x150.jpg 150w\" sizes=\"auto, (max-width: 422px) 100vw, 422px\" \/><\/figure>\n\n\n\n<p>\nEl Senador Hugo Jes\u00fas Rasetto y presidente Comunal de Bustinza,\nFabi\u00e1n Ballori, invitan a la septima edici\u00f3n de \u201cCultura\nIriondo\u201d, la Feria Itinerante de Artesanos, M\u00fasica y Gastronom\u00eda\nque recorre el Departamento Iriondo. La misma se llevar\u00e1 a cabo en\nel predio del SUM Comunal de Bustinza el domingo 13 de noviembre a\npartir de las 17 hs. \n<\/p>\n\n\n\n<p>Este tercer\nencuentro est\u00e1 organizado de manera conjunta por la Comuna de\nBustinza y el Senador Hugo Jes\u00fas Rasetto.<\/p>\n\n\n\n<p>De cada edici\u00f3n,\nparticipar\u00e1n artesanos de todo el Departamento Iriondo, m\u00fasica en\nvivo con artistas locales, gastronom\u00eda de cada localidad y hay\njuegos y circo para los m\u00e1s chicos.<\/p>\n\n\n\n<p>Los artistas locales\nque quieran participar pueden inscribirse a trav\u00e9s del sitio\n<a href=\"http:\/\/www.rasetto.ar\/cantobaile\">www.rasetto.ar\/cantobaile<\/a>\n, mientras que los artesanos de todo Iriondo, que no se hayan\ninscripto, pueden hacerlo a trav\u00e9s del sitio\n<a href=\"http:\/\/www.rasetto.ar\/artesanos\">www.rasetto.ar\/artesanos<\/a>\n<\/p>\n","protected":false},"excerpt":{"rendered":"<p>El Senador Hugo Jes\u00fas Rasetto y presidente Comunal de Bustinza, Fabi\u00e1n Ballori, invitan a la septima edici\u00f3n de \u201cCultura Iriondo\u201d, la Feria Itinerante de Artesanos, M\u00fasica y Gastronom\u00eda que recorre el Departamento Iriondo. La misma se llevar\u00e1 a cabo en el predio del SUM Comunal de Bustinza el domingo 13 de noviembre a partir de <a href=\"https:\/\/armstrongyregion.com.ar\/diario\/rasetto-y-ballori-invitan-a-la-feria-cultura-iriondo-en-bustinza\/\" title=\"Read more\" >&#8230;<\/a><\/p>\n","protected":false},"author":1,"featured_media":36248,"comment_status":"open","ping_status":"open","sticky":false,"template":"","format":"image","meta":{"_jetpack_memberships_contains_paid_content":false,"footnotes":"","jetpack_publicize_message":"","jetpack_publicize_feature_enabled":true,"jetpack_social_post_already_shared":true,"jetpack_social_options":{"image_generator_settings":{"template":"highway","default_image_id":0,"enabled":false},"version":2}},"categories":[8,1,7,3],"tags":[],"class_list":["post-36247","post","type-post","status-publish","format-image","has-post-thumbnail","hentry","category-deliberando","category-diario-armstrong","category-politica","category-region","post_format-post-format-image"],"jetpack_publicize_connections":[],"jetpack_featured_media_url":"https:\/\/armstrongyregion.com.ar\/diario\/wp-content\/uploads\/2022\/11\/Cultura-Iriondo-Bustinza.jpg","jetpack_shortlink":"https:\/\/wp.me\/p62QDO-9qD","jetpack_sharing_enabled":true,"amp_enabled":true,"_links":{"self":[{"href":"https:\/\/armstrongyregion.com.ar\/diario\/wp-json\/wp\/v2\/posts\/36247","targetHints":{"allow":["GET"]}}],"collection":[{"href":"https:\/\/armstrongyregion.com.ar\/diario\/wp-json\/wp\/v2\/posts"}],"about":[{"href":"https:\/\/armstrongyregion.com.ar\/diario\/wp-json\/wp\/v2\/types\/post"}],"author":[{"embeddable":true,"href":"https:\/\/armstrongyregion.com.ar\/diario\/wp-json\/wp\/v2\/users\/1"}],"replies":[{"embeddable":true,"href":"https:\/\/armstrongyregion.com.ar\/diario\/wp-json\/wp\/v2\/comments?post=36247"}],"version-history":[{"count":1,"href":"https:\/\/armstrongyregion.com.ar\/diario\/wp-json\/wp\/v2\/posts\/36247\/revisions"}],"predecessor-version":[{"id":36249,"href":"https:\/\/armstrongyregion.com.ar\/diario\/wp-json\/wp\/v2\/posts\/36247\/revisions\/36249"}],"wp:featuredmedia":[{"embeddable":true,"href":"https:\/\/armstrongyregion.com.ar\/diario\/wp-json\/wp\/v2\/media\/36248"}],"wp:attachment":[{"href":"https:\/\/armstrongyregion.com.ar\/diario\/wp-json\/wp\/v2\/media?parent=36247"}],"wp:term":[{"taxonomy":"category","embeddable":true,"href":"https:\/\/armstrongyregion.com.ar\/diario\/wp-json\/wp\/v2\/categories?post=36247"},{"taxonomy":"post_tag","embeddable":true,"href":"https:\/\/armstrongyregion.com.ar\/diario\/wp-json\/wp\/v2\/tags?post=36247"}],"curies":[{"name":"wp","href":"https:\/\/api.w.org\/{rel}","templated":true}]}}