{"id":36243,"date":"2022-11-01T00:11:42","date_gmt":"2022-11-01T00:11:42","guid":{"rendered":"https:\/\/armstrongyregion.com.ar\/diario\/?p=36243"},"modified":"2022-11-01T00:11:44","modified_gmt":"2022-11-01T00:11:44","slug":"canada-de-gomez-hallan-dos-pequenos-cuerpos-enterrados-en-el-patio-de-una-vivienda","status":"publish","type":"post","link":"https:\/\/armstrongyregion.com.ar\/diario\/canada-de-gomez-hallan-dos-pequenos-cuerpos-enterrados-en-el-patio-de-una-vivienda\/","title":{"rendered":"Ca\u00f1ada de G\u00f3mez: hallan dos peque\u00f1os cuerpos enterrados en el patio de una vivienda."},"content":{"rendered":"\n<figure class=\"wp-block-image size-large\"><img loading=\"lazy\" decoding=\"async\" width=\"768\" height=\"576\" src=\"http:\/\/armstrongyregion.com.ar\/diario\/wp-content\/uploads\/2016\/07\/ca\u00f1ada-de-gomez-.jpg\" alt=\"ca\u00f1ada-de-gomez-\" class=\"wp-image-8859\" srcset=\"https:\/\/armstrongyregion.com.ar\/diario\/wp-content\/uploads\/2016\/07\/ca\u00f1ada-de-gomez-.jpg 768w, https:\/\/armstrongyregion.com.ar\/diario\/wp-content\/uploads\/2016\/07\/ca\u00f1ada-de-gomez--300x225.jpg 300w\" sizes=\"auto, (max-width: 768px) 100vw, 768px\" \/><\/figure>\n\n\n\n<h2 class=\"wp-block-heading\"> Se aguarda el resultado de la autopsia para determinar si se trata de beb\u00e9s, fetos o mortinatos. Fueron detenidos un hombre y una mujer, mayores de edad. <\/h2>\n\n\n\n<figure class=\"wp-block-embed-youtube wp-block-embed is-type-video is-provider-youtube wp-embed-aspect-16-9 wp-has-aspect-ratio\"><div class=\"wp-block-embed__wrapper\">\n<iframe loading=\"lazy\" title=\"P631 MAURO BONOMO   JEFE U R X  DOS CUERPOS APARENTEMENTE DE BEB\u00c9S FUERON ENTERRADOS EN UN PATIO DE\" width=\"800\" height=\"450\" src=\"https:\/\/www.youtube.com\/embed\/JwWrK4yfM8o?feature=oembed\" frameborder=\"0\" allow=\"accelerometer; autoplay; clipboard-write; encrypted-media; gyroscope; picture-in-picture\" allowfullscreen><\/iframe>\n<\/div><\/figure>\n\n\n\n<p>El d\u00eda de ayer personal policial de la Unidad X Dpto. Iriondo inici\u00f3 una pesquisa por pedido de la fiscal\u00eda local, la cual emiti\u00f3 una orden de allanamiento para una vivienda ubicada dentro de la jurisdicci\u00f3n de Comisar\u00eda II de Ca\u00f1ada de G\u00f3mez, a ra\u00edz de una denuncia sobre dos cuerpos que habr\u00edan sido enterrados en el patio de dicho inmueble.<\/p>\n\n\n\n<p>El procedimiento se prolong\u00f3 durante horas. Seg\u00fan trascendi\u00f3, en principio no se encontraban indicios de tierra movida pero s\u00ed mont\u00edculos de escombro, arena, suciedad. Sin embargo, cerca de las 00:00 horas la mujer que estar\u00eda involucrada en el hecho -y que ser\u00eda la presunta madre- declar\u00f3 d\u00f3nde se encontraban los cuerpos en cuesti\u00f3n.<\/p>\n\n\n\n<p>Fue efectuado otro registro en otra casa de la zona, m\u00e1s precisamente en frente, donde finalmente se hallaron dos cuerpos sin vida. Los mismos fueron trasladados al Instituto M\u00e9dico Legal de Rosario para la realizaci\u00f3n de la autopsia.<\/p>\n\n\n\n<p>El per\u00edmetro donde se trabaj\u00f3 estuvo asegurado por la intervenci\u00f3n policial. Muchos vecinos del lugar se aproximaron y estuvieron presentes durante bastante tiempo mientras la polic\u00eda actuaba. Como resultado de las actuaciones policiales hay dos personas mayores de edad que quedaron a disposici\u00f3n de la fiscal\u00eda.&nbsp;<\/p>\n\n\n\n<p>Fuente:&nbsp;<a href=\"https:\/\/diariovision.ar\/policiales\/hallan-dos-cuerpos-enterrados-en-el-patio-de-una-vivienda\/\" rel=\"noreferrer noopener\" target=\"_blank\">Diario Visi\u00f3n<\/a>&nbsp;\/ Edici\u00f3n: LRD<br>Video:&nbsp;<a href=\"https:\/\/www.youtube.com\/watch?v=JwWrK4yfM8o&amp;feature=share&amp;si=ELPmzJkDCLju2KnD5oyZMQ\" rel=\"noreferrer noopener\" target=\"_blank\">Punto de Noticias<\/a><\/p>\n","protected":false},"excerpt":{"rendered":"<p>Se aguarda el resultado de la autopsia para determinar si se trata de beb\u00e9s, fetos o mortinatos. Fueron detenidos un hombre y una mujer, mayores de edad. El d\u00eda de ayer personal policial de la Unidad X Dpto. Iriondo inici\u00f3 una pesquisa por pedido de la fiscal\u00eda local, la cual emiti\u00f3 una orden de allanamiento <a href=\"https:\/\/armstrongyregion.com.ar\/diario\/canada-de-gomez-hallan-dos-pequenos-cuerpos-enterrados-en-el-patio-de-una-vivienda\/\" title=\"Read more\" >&#8230;<\/a><\/p>\n","protected":false},"author":1,"featured_media":8859,"comment_status":"open","ping_status":"open","sticky":false,"template":"","format":"image","meta":{"_jetpack_memberships_contains_paid_content":false,"footnotes":"","jetpack_publicize_message":"","jetpack_publicize_feature_enabled":true,"jetpack_social_post_already_shared":true,"jetpack_social_options":{"image_generator_settings":{"template":"highway","default_image_id":0,"enabled":false},"version":2}},"categories":[8,1,2852,3],"tags":[],"class_list":["post-36243","post","type-post","status-publish","format-image","has-post-thumbnail","hentry","category-deliberando","category-diario-armstrong","category-policiales","category-region","post_format-post-format-image"],"jetpack_publicize_connections":[],"jetpack_featured_media_url":"https:\/\/armstrongyregion.com.ar\/diario\/wp-content\/uploads\/2016\/07\/ca\u00f1ada-de-gomez-.jpg","jetpack_shortlink":"https:\/\/wp.me\/p62QDO-9qz","jetpack_sharing_enabled":true,"amp_enabled":true,"_links":{"self":[{"href":"https:\/\/armstrongyregion.com.ar\/diario\/wp-json\/wp\/v2\/posts\/36243","targetHints":{"allow":["GET"]}}],"collection":[{"href":"https:\/\/armstrongyregion.com.ar\/diario\/wp-json\/wp\/v2\/posts"}],"about":[{"href":"https:\/\/armstrongyregion.com.ar\/diario\/wp-json\/wp\/v2\/types\/post"}],"author":[{"embeddable":true,"href":"https:\/\/armstrongyregion.com.ar\/diario\/wp-json\/wp\/v2\/users\/1"}],"replies":[{"embeddable":true,"href":"https:\/\/armstrongyregion.com.ar\/diario\/wp-json\/wp\/v2\/comments?post=36243"}],"version-history":[{"count":1,"href":"https:\/\/armstrongyregion.com.ar\/diario\/wp-json\/wp\/v2\/posts\/36243\/revisions"}],"predecessor-version":[{"id":36244,"href":"https:\/\/armstrongyregion.com.ar\/diario\/wp-json\/wp\/v2\/posts\/36243\/revisions\/36244"}],"wp:featuredmedia":[{"embeddable":true,"href":"https:\/\/armstrongyregion.com.ar\/diario\/wp-json\/wp\/v2\/media\/8859"}],"wp:attachment":[{"href":"https:\/\/armstrongyregion.com.ar\/diario\/wp-json\/wp\/v2\/media?parent=36243"}],"wp:term":[{"taxonomy":"category","embeddable":true,"href":"https:\/\/armstrongyregion.com.ar\/diario\/wp-json\/wp\/v2\/categories?post=36243"},{"taxonomy":"post_tag","embeddable":true,"href":"https:\/\/armstrongyregion.com.ar\/diario\/wp-json\/wp\/v2\/tags?post=36243"}],"curies":[{"name":"wp","href":"https:\/\/api.w.org\/{rel}","templated":true}]}}