{"id":36226,"date":"2022-10-29T00:19:24","date_gmt":"2022-10-29T00:19:24","guid":{"rendered":"https:\/\/armstrongyregion.com.ar\/diario\/?p=36226"},"modified":"2022-10-29T00:19:26","modified_gmt":"2022-10-29T00:19:26","slug":"capacitaciones-sobre-el-manejo-de-huertas","status":"publish","type":"post","link":"https:\/\/armstrongyregion.com.ar\/diario\/capacitaciones-sobre-el-manejo-de-huertas\/","title":{"rendered":"Capacitaciones sobre el manejo de huertas."},"content":{"rendered":"\n<figure class=\"wp-block-image size-large\"><img loading=\"lazy\" decoding=\"async\" width=\"798\" height=\"798\" src=\"http:\/\/armstrongyregion.com.ar\/diario\/wp-content\/uploads\/2022\/10\/capacitacion-inta-plagas-oct-2022.jpg\" alt=\"\" class=\"wp-image-36227\" srcset=\"https:\/\/armstrongyregion.com.ar\/diario\/wp-content\/uploads\/2022\/10\/capacitacion-inta-plagas-oct-2022.jpg 798w, https:\/\/armstrongyregion.com.ar\/diario\/wp-content\/uploads\/2022\/10\/capacitacion-inta-plagas-oct-2022-300x300.jpg 300w, https:\/\/armstrongyregion.com.ar\/diario\/wp-content\/uploads\/2022\/10\/capacitacion-inta-plagas-oct-2022-150x150.jpg 150w, https:\/\/armstrongyregion.com.ar\/diario\/wp-content\/uploads\/2022\/10\/capacitacion-inta-plagas-oct-2022-768x768.jpg 768w\" sizes=\"auto, (max-width: 798px) 100vw, 798px\" \/><\/figure>\n\n\n\n<p>\nLa Municipalidad de Armstrong invita a participar de dos nuevas\njornadas con diferentes capacitaciones organizadas de manera conjunta\ncon el INTA, dictadas por el Ing. Alejandro Ceballos. \n<\/p>\n\n\n\n<p> La primera de ellas se ofrecer\u00e1 el\nd\u00eda viernes 28 de octubre referido a las plagas y enfermedades de la\nhuerta, el control natural, las estrategias de control, y alg\u00fan\nremedio casero. \n<\/p>\n\n\n\n<figure class=\"wp-block-image size-large\"><img loading=\"lazy\" decoding=\"async\" width=\"399\" height=\"399\" src=\"http:\/\/armstrongyregion.com.ar\/diario\/wp-content\/uploads\/2022\/10\/capacitacion-inta-uso-medicinales-oct-2022.jpg\" alt=\"\" class=\"wp-image-36228\" srcset=\"https:\/\/armstrongyregion.com.ar\/diario\/wp-content\/uploads\/2022\/10\/capacitacion-inta-uso-medicinales-oct-2022.jpg 399w, https:\/\/armstrongyregion.com.ar\/diario\/wp-content\/uploads\/2022\/10\/capacitacion-inta-uso-medicinales-oct-2022-300x300.jpg 300w, https:\/\/armstrongyregion.com.ar\/diario\/wp-content\/uploads\/2022\/10\/capacitacion-inta-uso-medicinales-oct-2022-150x150.jpg 150w\" sizes=\"auto, (max-width: 399px) 100vw, 399px\" \/><\/figure>\n\n\n\n<p>La pr\u00f3xima ser\u00e1 el jueves 3 de\nnoviembre se desarrollar\u00e1 el temario sobre usos y utilidades de las\nplantas arom\u00e1ticas y medicinales, diferenciaci\u00f3n, c\u00f3mo\nutilizarlas, y sus beneficios.<\/p>\n\n\n\n<p>Ambas ser\u00e1n a las 19:30 hs. en el\nsal\u00f3n Delmo Dar\u00f3, ubicado en San Mart\u00edn 1565.<\/p>\n\n\n\n<p>El encuentro, se encuadra dentro de\nuna serie de capacitaciones a realizar a lo largo del a\u00f1o y est\u00e1\ndirigido a todas aquellas personas que ya realicen o que est\u00e9n\ninteresadas en huertas, preparaci\u00f3n de terrenos, usos y t\u00e9cnicas de\nproducci\u00f3n agroecol\u00f3gica.<\/p>\n\n\n\n<p>La convocatoria es totalmente\ngratuita y no es necesario realizar una inscripci\u00f3n previa. Los\ninteresados deben presentarse en el horario y lugar indicados.<\/p>\n","protected":false},"excerpt":{"rendered":"<p>La Municipalidad de Armstrong invita a participar de dos nuevas jornadas con diferentes capacitaciones organizadas de manera conjunta con el INTA, dictadas por el Ing. Alejandro Ceballos. La primera de ellas se ofrecer\u00e1 el d\u00eda viernes 28 de octubre referido a las plagas y enfermedades de la huerta, el control natural, las estrategias de control, <a href=\"https:\/\/armstrongyregion.com.ar\/diario\/capacitaciones-sobre-el-manejo-de-huertas\/\" title=\"Read more\" >&#8230;<\/a><\/p>\n","protected":false},"author":1,"featured_media":36227,"comment_status":"open","ping_status":"open","sticky":false,"template":"","format":"image","meta":{"_jetpack_memberships_contains_paid_content":false,"footnotes":"","jetpack_publicize_message":"","jetpack_publicize_feature_enabled":true,"jetpack_social_post_already_shared":true,"jetpack_social_options":{"image_generator_settings":{"template":"highway","default_image_id":0,"enabled":false},"version":2}},"categories":[6,8,1,2,7,3],"tags":[],"class_list":["post-36226","post","type-post","status-publish","format-image","has-post-thumbnail","hentry","category-cultura-entretenimiento","category-deliberando","category-diario-armstrong","category-locales","category-politica","category-region","post_format-post-format-image"],"jetpack_publicize_connections":[],"jetpack_featured_media_url":"https:\/\/armstrongyregion.com.ar\/diario\/wp-content\/uploads\/2022\/10\/capacitacion-inta-plagas-oct-2022.jpg","jetpack_shortlink":"https:\/\/wp.me\/p62QDO-9qi","jetpack_sharing_enabled":true,"amp_enabled":true,"_links":{"self":[{"href":"https:\/\/armstrongyregion.com.ar\/diario\/wp-json\/wp\/v2\/posts\/36226","targetHints":{"allow":["GET"]}}],"collection":[{"href":"https:\/\/armstrongyregion.com.ar\/diario\/wp-json\/wp\/v2\/posts"}],"about":[{"href":"https:\/\/armstrongyregion.com.ar\/diario\/wp-json\/wp\/v2\/types\/post"}],"author":[{"embeddable":true,"href":"https:\/\/armstrongyregion.com.ar\/diario\/wp-json\/wp\/v2\/users\/1"}],"replies":[{"embeddable":true,"href":"https:\/\/armstrongyregion.com.ar\/diario\/wp-json\/wp\/v2\/comments?post=36226"}],"version-history":[{"count":1,"href":"https:\/\/armstrongyregion.com.ar\/diario\/wp-json\/wp\/v2\/posts\/36226\/revisions"}],"predecessor-version":[{"id":36229,"href":"https:\/\/armstrongyregion.com.ar\/diario\/wp-json\/wp\/v2\/posts\/36226\/revisions\/36229"}],"wp:featuredmedia":[{"embeddable":true,"href":"https:\/\/armstrongyregion.com.ar\/diario\/wp-json\/wp\/v2\/media\/36227"}],"wp:attachment":[{"href":"https:\/\/armstrongyregion.com.ar\/diario\/wp-json\/wp\/v2\/media?parent=36226"}],"wp:term":[{"taxonomy":"category","embeddable":true,"href":"https:\/\/armstrongyregion.com.ar\/diario\/wp-json\/wp\/v2\/categories?post=36226"},{"taxonomy":"post_tag","embeddable":true,"href":"https:\/\/armstrongyregion.com.ar\/diario\/wp-json\/wp\/v2\/tags?post=36226"}],"curies":[{"name":"wp","href":"https:\/\/api.w.org\/{rel}","templated":true}]}}