{"id":3621,"date":"2015-08-16T01:42:53","date_gmt":"2015-08-16T01:42:53","guid":{"rendered":"https:\/\/armstrongyregion.com.ar\/diario\/?p=3621"},"modified":"2015-08-16T01:46:29","modified_gmt":"2015-08-16T01:46:29","slug":"armando-faraoni-la-convencion-marca-pautas","status":"publish","type":"post","link":"https:\/\/armstrongyregion.com.ar\/diario\/armando-faraoni-la-convencion-marca-pautas\/","title":{"rendered":"Armando Faraoni, \u201cLa convenci\u00f3n marc\u00f3 pautas\u201d."},"content":{"rendered":"<p><a href=\"http:\/\/armstrongyregion.com.ar\/diario\/wp-content\/uploads\/2015\/08\/Armando-Faraoni.jpg\"><img loading=\"lazy\" decoding=\"async\" class=\"alignnone size-medium wp-image-3622\" src=\"http:\/\/armstrongyregion.com.ar\/diario\/wp-content\/uploads\/2015\/08\/Armando-Faraoni-300x214.jpg\" alt=\"Armando-Faraoni-Armstrong-y-region-\" width=\"300\" height=\"214\" srcset=\"https:\/\/armstrongyregion.com.ar\/diario\/wp-content\/uploads\/2015\/08\/Armando-Faraoni-300x214.jpg 300w, https:\/\/armstrongyregion.com.ar\/diario\/wp-content\/uploads\/2015\/08\/Armando-Faraoni.jpg 768w\" sizes=\"auto, (max-width: 300px) 100vw, 300px\" \/><\/a>Armando Faraoni, candidato a Diputado Nacional y militante de U.C.R. \u00a0quien fuera secretario privado del intendente Pablo Verdecchia, formulo declaraciones de actualidad tras las P.A.S.O.<\/p>\n<p>Manifest\u00f3\u00a0 \u201cque reconoce que la estrategia de la \u201cboleta corta\u201d, a nivel provincial como Frente Progresista, no fue una elecci\u00f3n acertada y que al no llevar candidato a presidente propio mengu\u00f3 los n\u00fameros, al no tener por arrastre otros valores\u201d.<\/p>\n<p>Sobre si en el ejecutivo local \u00a0se estar\u00eda dando alguna interna \u201cno dir\u00eda una interna, hay algunas diferencias en las acciones, con las que no coincidimos y est\u00e1 faltando lo que en el primer periodo ten\u00edamos en la relaci\u00f3n con el pueblo\u201d.<\/p>\n<p>En lo que respecta a las elecciones nacionales y su pensamiento manifest\u00f3 \u201cque\u00a0 hubo una convenci\u00f3n que acepto integrar un frente con el PRO, y soy respetuoso\u00a0 de ella, m\u00e1s all\u00e1 del pensamiento personal\u201d.<\/p>\n<p>Muchos m\u00e1s conceptos de Armando Faraoni, este martes en DELIBERANDO, a las 21hs. \u00a0por Cable Imagen Armstrong.<\/p>\n","protected":false},"excerpt":{"rendered":"<p>Armando Faraoni, candidato a Diputado Nacional y militante de U.C.R. \u00a0quien fuera secretario privado del intendente Pablo Verdecchia, formulo declaraciones de actualidad tras las P.A.S.O. Manifest\u00f3\u00a0 \u201cque reconoce que la estrategia de la \u201cboleta corta\u201d, a nivel provincial como Frente Progresista, no fue una elecci\u00f3n acertada y que al no llevar candidato a presidente propio <a href=\"https:\/\/armstrongyregion.com.ar\/diario\/armando-faraoni-la-convencion-marca-pautas\/\" title=\"Read more\" >&#8230;<\/a><\/p>\n","protected":false},"author":2,"featured_media":3622,"comment_status":"open","ping_status":"open","sticky":false,"template":"","format":"standard","meta":{"_jetpack_memberships_contains_paid_content":false,"footnotes":"","jetpack_publicize_message":"","jetpack_publicize_feature_enabled":true,"jetpack_social_post_already_shared":false,"jetpack_social_options":{"image_generator_settings":{"template":"highway","default_image_id":0,"enabled":false},"version":2}},"categories":[8,1,2,7],"tags":[2074,1170,2528,31,1827,2529],"class_list":["post-3621","post","type-post","status-publish","format-standard","has-post-thumbnail","hentry","category-deliberando","category-diario-armstrong","category-locales","category-politica","tag-armando","tag-convencion","tag-faraoni","tag-la","tag-marca","tag-pautas"],"jetpack_publicize_connections":[],"jetpack_featured_media_url":"https:\/\/armstrongyregion.com.ar\/diario\/wp-content\/uploads\/2015\/08\/Armando-Faraoni.jpg","jetpack_shortlink":"https:\/\/wp.me\/p62QDO-Wp","jetpack_sharing_enabled":true,"amp_enabled":true,"_links":{"self":[{"href":"https:\/\/armstrongyregion.com.ar\/diario\/wp-json\/wp\/v2\/posts\/3621","targetHints":{"allow":["GET"]}}],"collection":[{"href":"https:\/\/armstrongyregion.com.ar\/diario\/wp-json\/wp\/v2\/posts"}],"about":[{"href":"https:\/\/armstrongyregion.com.ar\/diario\/wp-json\/wp\/v2\/types\/post"}],"author":[{"embeddable":true,"href":"https:\/\/armstrongyregion.com.ar\/diario\/wp-json\/wp\/v2\/users\/2"}],"replies":[{"embeddable":true,"href":"https:\/\/armstrongyregion.com.ar\/diario\/wp-json\/wp\/v2\/comments?post=3621"}],"version-history":[{"count":0,"href":"https:\/\/armstrongyregion.com.ar\/diario\/wp-json\/wp\/v2\/posts\/3621\/revisions"}],"wp:featuredmedia":[{"embeddable":true,"href":"https:\/\/armstrongyregion.com.ar\/diario\/wp-json\/wp\/v2\/media\/3622"}],"wp:attachment":[{"href":"https:\/\/armstrongyregion.com.ar\/diario\/wp-json\/wp\/v2\/media?parent=3621"}],"wp:term":[{"taxonomy":"category","embeddable":true,"href":"https:\/\/armstrongyregion.com.ar\/diario\/wp-json\/wp\/v2\/categories?post=3621"},{"taxonomy":"post_tag","embeddable":true,"href":"https:\/\/armstrongyregion.com.ar\/diario\/wp-json\/wp\/v2\/tags?post=3621"}],"curies":[{"name":"wp","href":"https:\/\/api.w.org\/{rel}","templated":true}]}}