{"id":3618,"date":"2015-08-16T01:38:52","date_gmt":"2015-08-16T01:38:52","guid":{"rendered":"https:\/\/armstrongyregion.com.ar\/diario\/?p=3618"},"modified":"2015-08-16T01:38:52","modified_gmt":"2015-08-16T01:38:52","slug":"se-habilito-en-el-mac-la-muestra-de-vitrofusion-fuga-de-reflejos","status":"publish","type":"post","link":"https:\/\/armstrongyregion.com.ar\/diario\/se-habilito-en-el-mac-la-muestra-de-vitrofusion-fuga-de-reflejos\/","title":{"rendered":"Se habilit\u00f3 en el MAC la muestra de vitrofusi\u00f3n \u00abFuga de reflejos\u00bb."},"content":{"rendered":"<p><a href=\"http:\/\/armstrongyregion.com.ar\/diario\/wp-content\/uploads\/2015\/08\/mac1.jpg\"><img loading=\"lazy\" decoding=\"async\" class=\"alignnone size-medium wp-image-3619\" src=\"http:\/\/armstrongyregion.com.ar\/diario\/wp-content\/uploads\/2015\/08\/mac1-300x169.jpg\" alt=\"mac-armstrong-y-region-\" width=\"300\" height=\"169\" srcset=\"https:\/\/armstrongyregion.com.ar\/diario\/wp-content\/uploads\/2015\/08\/mac1-300x169.jpg 300w, https:\/\/armstrongyregion.com.ar\/diario\/wp-content\/uploads\/2015\/08\/mac1-1024x576.jpg 1024w, https:\/\/armstrongyregion.com.ar\/diario\/wp-content\/uploads\/2015\/08\/mac1.jpg 2048w\" sizes=\"auto, (max-width: 300px) 100vw, 300px\" \/><\/a>Los trabajos corresponden a la artista Mar\u00eda Elena Molina Boil\u00e9 de la ciudad de Venado Tuerto. La intendenta Cl\u00e9rici destac\u00f3 que parte de los<br \/>\ntrabajos se realizaron con materia prima de la Cristaler\u00eda Vitrofin.<\/p>\n<p>El Museo de Arte Ca\u00f1adense abri\u00f3 sus puertas a una nueva muestra, en esta oportunidad \u201cFuga de reflejos\u201d a cargo de la artista Mar\u00eda Elena<br \/>\nMolina Boil\u00e9 de la ciudad de Venado Tuerto, exponiendo trabajos de vitrofusi\u00f3n y cer\u00e1mica.<br \/>\nLa intendenta Stella Cl\u00e9rici estuvo presente en esta primera jornada, destacando que algunas de las obras fueron realizadas con materia<br \/>\nprimera de la Cristaler\u00eda Vitrof\u00edn, emblema de las empresas recuperadas por sus trabajadores.<br \/>\nJunto a la muestra tuvo lugar el recital de la Orquesta Municipal de M\u00fasica Popular, dirigida por el Maestro Rub\u00e9n Beltr\u00e1n que cuenta con<br \/>\nalumnos y ex alumnos de la Escuela de M\u00fasica \u201cVicente Beltr\u00e1n\u201d.<br \/>\n\u201cFuga de reflejos\u201d podr\u00e1 visitarse hasta el domingo 30 del corriente mes, en los horarios cl\u00e1sicos de s\u00e1bados, domingos y feriados de 15 a 18 hs.<\/p>\n","protected":false},"excerpt":{"rendered":"<p>Los trabajos corresponden a la artista Mar\u00eda Elena Molina Boil\u00e9 de la ciudad de Venado Tuerto. La intendenta Cl\u00e9rici destac\u00f3 que parte de los trabajos se realizaron con materia prima de la Cristaler\u00eda Vitrofin. El Museo de Arte Ca\u00f1adense abri\u00f3 sus puertas a una nueva muestra, en esta oportunidad \u201cFuga de reflejos\u201d a cargo de <a href=\"https:\/\/armstrongyregion.com.ar\/diario\/se-habilito-en-el-mac-la-muestra-de-vitrofusion-fuga-de-reflejos\/\" title=\"Read more\" >&#8230;<\/a><\/p>\n","protected":false},"author":2,"featured_media":3619,"comment_status":"open","ping_status":"open","sticky":false,"template":"","format":"standard","meta":{"_jetpack_memberships_contains_paid_content":false,"footnotes":"","jetpack_publicize_message":"","jetpack_publicize_feature_enabled":true,"jetpack_social_post_already_shared":false,"jetpack_social_options":{"image_generator_settings":{"template":"highway","default_image_id":0,"enabled":false},"version":2}},"categories":[6,1,2,3],"tags":[19,16,15,2526,1578,31,1913,1358,2527,86,2499],"class_list":["post-3618","post","type-post","status-publish","format-standard","has-post-thumbnail","hentry","category-cultura-entretenimiento","category-diario-armstrong","category-locales","category-region","tag-de","tag-el","tag-en","tag-fuga","tag-habilito","tag-la","tag-mac","tag-muestra","tag-reflejos","tag-se","tag-vitrofusion"],"jetpack_publicize_connections":[],"jetpack_featured_media_url":"https:\/\/armstrongyregion.com.ar\/diario\/wp-content\/uploads\/2015\/08\/mac1.jpg","jetpack_shortlink":"https:\/\/wp.me\/p62QDO-Wm","jetpack_sharing_enabled":true,"amp_enabled":true,"_links":{"self":[{"href":"https:\/\/armstrongyregion.com.ar\/diario\/wp-json\/wp\/v2\/posts\/3618","targetHints":{"allow":["GET"]}}],"collection":[{"href":"https:\/\/armstrongyregion.com.ar\/diario\/wp-json\/wp\/v2\/posts"}],"about":[{"href":"https:\/\/armstrongyregion.com.ar\/diario\/wp-json\/wp\/v2\/types\/post"}],"author":[{"embeddable":true,"href":"https:\/\/armstrongyregion.com.ar\/diario\/wp-json\/wp\/v2\/users\/2"}],"replies":[{"embeddable":true,"href":"https:\/\/armstrongyregion.com.ar\/diario\/wp-json\/wp\/v2\/comments?post=3618"}],"version-history":[{"count":0,"href":"https:\/\/armstrongyregion.com.ar\/diario\/wp-json\/wp\/v2\/posts\/3618\/revisions"}],"wp:featuredmedia":[{"embeddable":true,"href":"https:\/\/armstrongyregion.com.ar\/diario\/wp-json\/wp\/v2\/media\/3619"}],"wp:attachment":[{"href":"https:\/\/armstrongyregion.com.ar\/diario\/wp-json\/wp\/v2\/media?parent=3618"}],"wp:term":[{"taxonomy":"category","embeddable":true,"href":"https:\/\/armstrongyregion.com.ar\/diario\/wp-json\/wp\/v2\/categories?post=3618"},{"taxonomy":"post_tag","embeddable":true,"href":"https:\/\/armstrongyregion.com.ar\/diario\/wp-json\/wp\/v2\/tags?post=3618"}],"curies":[{"name":"wp","href":"https:\/\/api.w.org\/{rel}","templated":true}]}}