{"id":36157,"date":"2022-10-22T14:47:01","date_gmt":"2022-10-22T14:47:01","guid":{"rendered":"https:\/\/armstrongyregion.com.ar\/diario\/?p=36157"},"modified":"2022-10-22T14:47:03","modified_gmt":"2022-10-22T14:47:03","slug":"el-lunes-comienza-la-inscripcion-del-refuerzo-alimentario","status":"publish","type":"post","link":"https:\/\/armstrongyregion.com.ar\/diario\/el-lunes-comienza-la-inscripcion-del-refuerzo-alimentario\/","title":{"rendered":"El lunes comienza la inscripci\u00f3n del refuerzo alimentario."},"content":{"rendered":"\n<figure class=\"wp-block-image size-large\"><img loading=\"lazy\" decoding=\"async\" width=\"522\" height=\"282\" src=\"http:\/\/armstrongyregion.com.ar\/diario\/wp-content\/uploads\/2022\/10\/anses.jpg\" alt=\"\" class=\"wp-image-36158\" srcset=\"https:\/\/armstrongyregion.com.ar\/diario\/wp-content\/uploads\/2022\/10\/anses.jpg 522w, https:\/\/armstrongyregion.com.ar\/diario\/wp-content\/uploads\/2022\/10\/anses-300x162.jpg 300w\" sizes=\"auto, (max-width: 522px) 100vw, 522px\" \/><\/figure>\n\n\n\n<p>Tal como lo anunciar\u00e1n el ministro de Econom\u00eda Sergio Massa y la directora ejecutiva de ANSES Fernanda Raverta, este lunes comienza la inscripci\u00f3n del Refuerzo Alimentario para adultos sin ingresos.<\/p>\n\n\n\n<p>El Refuerzo ser\u00e1 de $45.000 y se pagar\u00e1 en dos cuotas de $22.500 en noviembre y diciembre, siendo la primera de ellas el lunes 14 de noviembre seg\u00fan terminaci\u00f3n de documento.<\/p>\n\n\n\n<p>En Ca\u00f1ada de G\u00f3mez, las puertas de la UDAI estar\u00e1n abiertas a partir de las 8 de la ma\u00f1ana y por es por eso que el Jefe de la misma, Pablo Di Tomaso, expresa algunas aclaraciones para tener en cuenta.<\/p>\n\n\n\n<p>\u00abQuiero remarcar que este Refuerzo Alimentario es dirigido a personas bajo la l\u00ednea de pobreza, personas sin ning\u00fan ingreso monetario. Por eso es preciso remarcar que para ingresar al mismo no deber\u00e1n ser trabajadores registrados (relaci\u00f3n de dependencia, aut\u00f3nomos, monotributo, monotributo social y casas particulares) y no tener beneficios como Jubilaci\u00f3n o pensi\u00f3n; AUH, AUE o Asignaciones familiares (sean o no titulares); Progresar; Planes sociales (por ejemplo, Potenciar Trabajo) y Prestaci\u00f3n por desempleo. En el caso de las personas entre 18 y 24 a\u00f1o, deber\u00e1n tener ingresos del grupo familiar \u2013 compuesto por padres\/madres- igual a $0. Asimismo, a sus padres\/madres se les realizar\u00e1 el control socioecon\u00f3mico id\u00e9ntico al del resto de las personas (autos,inmuebles, tarjetas, etc.)\u00bb.<\/p>\n\n\n\n<p>Adem\u00e1s, desde ANSES tambi\u00e9n se aclar\u00f3 que quedar\u00e1n afuera de este beneficio aquellas personas que tengan registrado a su nombre automotores con antig\u00fcedad menor o igual a 10 a\u00f1os; inmuebles; aeronaves; embarcaciones; consumos de tarjeta de cr\u00e9dito, d\u00e9bito y\/o billeteras virtuales en los \u00faltimos 2 meses; plazos fijos, acciones y bonos en los \u00faltimos 6 meses. Tambi\u00e9n ser\u00e1n excluidos qui\u00e9nes tengan cobertura de salud (prepagas ni obras sociales) en condici\u00f3n de titular ni de adherente; qui\u00e9nes compraron moneda extranjera en los \u00faltimos 6 meses o acreditaci\u00f3n en cuentas bancarias en los \u00faltimos 2 meses.<\/p>\n\n\n\n<p>Finalmente, el Jefe de la ANSES UDAI Ca\u00f1ada de G\u00f3mez manifest\u00f3 que los vecinos y las vecinas que quieran acercarse a las oficinas, tengan en cuenta los requisitos para el ingreso al Refuerzo antes de acercarse a la misma para evitar as\u00ed aglomeraciones y perjudicar de esa manera a las personas que realmente tienen el acceso al Refuerzo Alimentario para adultos sin ingresos.<\/p>\n","protected":false},"excerpt":{"rendered":"<p>Tal como lo anunciar\u00e1n el ministro de Econom\u00eda Sergio Massa y la directora ejecutiva de ANSES Fernanda Raverta, este lunes comienza la inscripci\u00f3n del Refuerzo Alimentario para adultos sin ingresos. El Refuerzo ser\u00e1 de $45.000 y se pagar\u00e1 en dos cuotas de $22.500 en noviembre y diciembre, siendo la primera de ellas el lunes 14 <a href=\"https:\/\/armstrongyregion.com.ar\/diario\/el-lunes-comienza-la-inscripcion-del-refuerzo-alimentario\/\" title=\"Read more\" >&#8230;<\/a><\/p>\n","protected":false},"author":1,"featured_media":36158,"comment_status":"open","ping_status":"open","sticky":false,"template":"","format":"image","meta":{"_jetpack_memberships_contains_paid_content":false,"footnotes":"","jetpack_publicize_message":"","jetpack_publicize_feature_enabled":true,"jetpack_social_post_already_shared":true,"jetpack_social_options":{"image_generator_settings":{"template":"highway","default_image_id":0,"enabled":false},"version":2}},"categories":[6,8,1,2,7,3],"tags":[],"class_list":["post-36157","post","type-post","status-publish","format-image","has-post-thumbnail","hentry","category-cultura-entretenimiento","category-deliberando","category-diario-armstrong","category-locales","category-politica","category-region","post_format-post-format-image"],"jetpack_publicize_connections":[],"jetpack_featured_media_url":"https:\/\/armstrongyregion.com.ar\/diario\/wp-content\/uploads\/2022\/10\/anses.jpg","jetpack_shortlink":"https:\/\/wp.me\/p62QDO-9pb","jetpack_sharing_enabled":true,"amp_enabled":true,"_links":{"self":[{"href":"https:\/\/armstrongyregion.com.ar\/diario\/wp-json\/wp\/v2\/posts\/36157","targetHints":{"allow":["GET"]}}],"collection":[{"href":"https:\/\/armstrongyregion.com.ar\/diario\/wp-json\/wp\/v2\/posts"}],"about":[{"href":"https:\/\/armstrongyregion.com.ar\/diario\/wp-json\/wp\/v2\/types\/post"}],"author":[{"embeddable":true,"href":"https:\/\/armstrongyregion.com.ar\/diario\/wp-json\/wp\/v2\/users\/1"}],"replies":[{"embeddable":true,"href":"https:\/\/armstrongyregion.com.ar\/diario\/wp-json\/wp\/v2\/comments?post=36157"}],"version-history":[{"count":1,"href":"https:\/\/armstrongyregion.com.ar\/diario\/wp-json\/wp\/v2\/posts\/36157\/revisions"}],"predecessor-version":[{"id":36159,"href":"https:\/\/armstrongyregion.com.ar\/diario\/wp-json\/wp\/v2\/posts\/36157\/revisions\/36159"}],"wp:featuredmedia":[{"embeddable":true,"href":"https:\/\/armstrongyregion.com.ar\/diario\/wp-json\/wp\/v2\/media\/36158"}],"wp:attachment":[{"href":"https:\/\/armstrongyregion.com.ar\/diario\/wp-json\/wp\/v2\/media?parent=36157"}],"wp:term":[{"taxonomy":"category","embeddable":true,"href":"https:\/\/armstrongyregion.com.ar\/diario\/wp-json\/wp\/v2\/categories?post=36157"},{"taxonomy":"post_tag","embeddable":true,"href":"https:\/\/armstrongyregion.com.ar\/diario\/wp-json\/wp\/v2\/tags?post=36157"}],"curies":[{"name":"wp","href":"https:\/\/api.w.org\/{rel}","templated":true}]}}