{"id":36154,"date":"2022-10-22T14:31:08","date_gmt":"2022-10-22T14:31:08","guid":{"rendered":"https:\/\/armstrongyregion.com.ar\/diario\/?p=36154"},"modified":"2022-10-22T14:31:10","modified_gmt":"2022-10-22T14:31:10","slug":"las-rosas-el-viento-no-paro-la-fiesta","status":"publish","type":"post","link":"https:\/\/armstrongyregion.com.ar\/diario\/las-rosas-el-viento-no-paro-la-fiesta\/","title":{"rendered":"Las Rosas. El viento no par\u00f3 la fiesta."},"content":{"rendered":"\n<figure class=\"wp-block-image size-large\"><img loading=\"lazy\" decoding=\"async\" width=\"534\" height=\"361\" src=\"http:\/\/armstrongyregion.com.ar\/diario\/wp-content\/uploads\/2022\/10\/fiesta-de-mate-.jpg\" alt=\"\" class=\"wp-image-36155\" srcset=\"https:\/\/armstrongyregion.com.ar\/diario\/wp-content\/uploads\/2022\/10\/fiesta-de-mate-.jpg 534w, https:\/\/armstrongyregion.com.ar\/diario\/wp-content\/uploads\/2022\/10\/fiesta-de-mate--300x203.jpg 300w\" sizes=\"auto, (max-width: 534px) 100vw, 534px\" \/><\/figure>\n\n\n\n<h2 class=\"wp-block-heading\"> La primera p\u00e1gina de la Fiesta Provincial del Mate se desarroll\u00f3 exitosa, con muy buena presencia de p\u00fablico que disfrut\u00f3 del evento. <\/h2>\n\n\n\n<p>Tal como se hab\u00eda anunciado. Un gran paseo de artesanos, entretenimientos, foodtracks, patio de comida, todo se present\u00f3 para el deleite del p\u00fablico que asisti\u00f3.<\/p>\n\n\n\n<p>Sobre el escenario, al comenzar la noche, se realiz\u00f3 la presentaci\u00f3n de las candidatas a Reina de la 22\u00aa Fiesta Provincial del Mate, que representan a diversas instituciones de Las Rosas.<\/p>\n\n\n\n<p>Despu\u00e9s fue el inicio de la actuaci\u00f3n de las diferentes bandas de nuestra ciudad, pasando por el escenario Armennia, Alma Mantra y El Burgo.<\/p>\n\n\n\n<p>Luego de ellos el escenario fue ocupado por \u00abCruzando el charco\u00bb, un grupo de rock de la ciudad de La Plata que demostr\u00f3 el porqu\u00e9 tiene tanto reconocimiento entre los j\u00f3venes.<\/p>\n\n\n\n<p>Y finalmente, lleg\u00f3 el momento Los Lirios, exitosos y reconocidos m\u00fasicos que dieron un imponente cierre a la primera noche festiva.&nbsp;<\/p>\n\n\n\n<p>Al llegar la medianoche se presentaron r\u00e1fagas de viento que no empa\u00f1aron el \u00e1nimo del p\u00fablico y las actuaciones de los grupos musicales, que cubrieron el agrado de aquellos que vivieron la fiesta hasta el final.<\/p>\n\n\n\n<p>Para la jornada del s\u00e1bado la apertura ser\u00e1 a cargo de Pe\u00f1a La Carreta, para continuar con la elecci\u00f3n de la nueva Reina. Seguir\u00e1n \u00abLatidos\u00bb, tributo a Los nocheros; un homenaje a Horacio Guarany; y el n\u00famero central: Destino San Javier. El cierre de la noche tendr\u00e1 sobre las tables a Compa\u00f1\u00eda Alma Argentina y Troncales.<\/p>\n\n\n\n<p><strong>Im\u00e1genes: Facebook de&nbsp;<a href=\"https:\/\/www.facebook.com\/RenacerRegional\" rel=\"noreferrer noopener\" target=\"_blank\">Renacer Regional<\/a><\/strong><\/p>\n\n\n\n<figure class=\"wp-block-image\"><img decoding=\"async\" src=\"http:\/\/lasrosasdigital.com.ar\/download\/multimedia.normal.a3df5e17a478c1ac.6d61746520726573756d656e5f6e6f726d616c2e77656270.webp\" alt=\"mate resumen\"\/><figcaption><br><br>Fuente: Las Rosas Digital.<\/figcaption><\/figure>\n","protected":false},"excerpt":{"rendered":"<p>La primera p\u00e1gina de la Fiesta Provincial del Mate se desarroll\u00f3 exitosa, con muy buena presencia de p\u00fablico que disfrut\u00f3 del evento. Tal como se hab\u00eda anunciado. Un gran paseo de artesanos, entretenimientos, foodtracks, patio de comida, todo se present\u00f3 para el deleite del p\u00fablico que asisti\u00f3. Sobre el escenario, al comenzar la noche, se <a href=\"https:\/\/armstrongyregion.com.ar\/diario\/las-rosas-el-viento-no-paro-la-fiesta\/\" title=\"Read more\" >&#8230;<\/a><\/p>\n","protected":false},"author":1,"featured_media":36155,"comment_status":"open","ping_status":"open","sticky":false,"template":"","format":"image","meta":{"_jetpack_memberships_contains_paid_content":false,"footnotes":"","jetpack_publicize_message":"","jetpack_publicize_feature_enabled":true,"jetpack_social_post_already_shared":true,"jetpack_social_options":{"image_generator_settings":{"template":"highway","default_image_id":0,"enabled":false},"version":2}},"categories":[6,8,1,2,7,3],"tags":[],"class_list":["post-36154","post","type-post","status-publish","format-image","has-post-thumbnail","hentry","category-cultura-entretenimiento","category-deliberando","category-diario-armstrong","category-locales","category-politica","category-region","post_format-post-format-image"],"jetpack_publicize_connections":[],"jetpack_featured_media_url":"https:\/\/armstrongyregion.com.ar\/diario\/wp-content\/uploads\/2022\/10\/fiesta-de-mate-.jpg","jetpack_shortlink":"https:\/\/wp.me\/p62QDO-9p8","jetpack_sharing_enabled":true,"amp_enabled":true,"_links":{"self":[{"href":"https:\/\/armstrongyregion.com.ar\/diario\/wp-json\/wp\/v2\/posts\/36154","targetHints":{"allow":["GET"]}}],"collection":[{"href":"https:\/\/armstrongyregion.com.ar\/diario\/wp-json\/wp\/v2\/posts"}],"about":[{"href":"https:\/\/armstrongyregion.com.ar\/diario\/wp-json\/wp\/v2\/types\/post"}],"author":[{"embeddable":true,"href":"https:\/\/armstrongyregion.com.ar\/diario\/wp-json\/wp\/v2\/users\/1"}],"replies":[{"embeddable":true,"href":"https:\/\/armstrongyregion.com.ar\/diario\/wp-json\/wp\/v2\/comments?post=36154"}],"version-history":[{"count":1,"href":"https:\/\/armstrongyregion.com.ar\/diario\/wp-json\/wp\/v2\/posts\/36154\/revisions"}],"predecessor-version":[{"id":36156,"href":"https:\/\/armstrongyregion.com.ar\/diario\/wp-json\/wp\/v2\/posts\/36154\/revisions\/36156"}],"wp:featuredmedia":[{"embeddable":true,"href":"https:\/\/armstrongyregion.com.ar\/diario\/wp-json\/wp\/v2\/media\/36155"}],"wp:attachment":[{"href":"https:\/\/armstrongyregion.com.ar\/diario\/wp-json\/wp\/v2\/media?parent=36154"}],"wp:term":[{"taxonomy":"category","embeddable":true,"href":"https:\/\/armstrongyregion.com.ar\/diario\/wp-json\/wp\/v2\/categories?post=36154"},{"taxonomy":"post_tag","embeddable":true,"href":"https:\/\/armstrongyregion.com.ar\/diario\/wp-json\/wp\/v2\/tags?post=36154"}],"curies":[{"name":"wp","href":"https:\/\/api.w.org\/{rel}","templated":true}]}}