{"id":36145,"date":"2022-10-20T01:13:58","date_gmt":"2022-10-20T01:13:58","guid":{"rendered":"https:\/\/armstrongyregion.com.ar\/diario\/?p=36145"},"modified":"2022-10-20T01:14:00","modified_gmt":"2022-10-20T01:14:00","slug":"preocupacion-del-socialismo-tras-reunion-con-rimoldi-en-casi-un-ano-apenas-ejecutaron-el-15-de-la-ley-de-emergencia-en-seguridad-esa-es-la-realidad-del-gobierno-de-perotti","status":"publish","type":"post","link":"https:\/\/armstrongyregion.com.ar\/diario\/preocupacion-del-socialismo-tras-reunion-con-rimoldi-en-casi-un-ano-apenas-ejecutaron-el-15-de-la-ley-de-emergencia-en-seguridad-esa-es-la-realidad-del-gobierno-de-perotti\/","title":{"rendered":"Preocupaci\u00f3n del socialismo tras reuni\u00f3n con Rimoldi: \u201cEn casi un a\u00f1o, apenas ejecutaron el 1,5% de la Ley de Emergencia en Seguridad, esa es la realidad del gobierno de Perotti\u201d"},"content":{"rendered":"\n<figure class=\"wp-block-image size-large\"><img loading=\"lazy\" decoding=\"async\" width=\"601\" height=\"400\" src=\"http:\/\/armstrongyregion.com.ar\/diario\/wp-content\/uploads\/2022\/10\/clarita-19-10-22-.jpg\" alt=\"\" class=\"wp-image-36146\" srcset=\"https:\/\/armstrongyregion.com.ar\/diario\/wp-content\/uploads\/2022\/10\/clarita-19-10-22-.jpg 601w, https:\/\/armstrongyregion.com.ar\/diario\/wp-content\/uploads\/2022\/10\/clarita-19-10-22--300x200.jpg 300w\" sizes=\"auto, (max-width: 601px) 100vw, 601px\" \/><\/figure>\n\n\n\n<h2 class=\"wp-block-heading\"> El ministro de Seguridad de Santa Fe y la secretaria de Coordinaci\u00f3n T\u00e9cnica y Administraci\u00f3n Financiera de la cartera, Ana Morel, se reunieron este mi\u00e9rcoles con legisladores de la oposici\u00f3n y del oficialismo para la rendici\u00f3n de inversiones por la emergencia en seguridad p\u00fablica.<\/h2>\n\n\n\n<p>\n\nLa C\u00e1mara de Diputados y Diputadas recibi\u00f3 este mi\u00e9rcoles al ministro de Seguridad de Santa Fe, Rub\u00e9n Rimoldi, y a la secretaria de Coordinaci\u00f3n T\u00e9cnica y Administraci\u00f3n Financiera de la cartera, Ana Morel, para la rendici\u00f3n de gastos por la emergencia en seguridad p\u00fablica. El bloque de legisladores socialistas mostr\u00f3 preocupaci\u00f3n tras el encuentro y los n\u00fameros expuestos por los funcionarios. \u201cEjecutaron solamente el 1,5% de la Ley de Emergencia en casi un a\u00f1o, esa es realidad del gobierno de Omar Perotti y la importancia que le da a la seguridad en Santa Fe\u201d, sentenci\u00f3 Clara Garc\u00eda.<br>\u201cFue un mamarracho. Una falta de respeto a la Legislatura de la provincia y a toda la sociedad de Santa Fe. Ratificaron lo que venimos diciendo, la falta de un plan de Perotti y la falta de voluntad pol\u00edtica de hacerse cargo de algo tan importante&nbsp; como es la seguridad para los santafesinos\u201d, reclam\u00f3 la diputada Lionela Cattalini.<br>En la misma l\u00ednea, asegur\u00f3 que \u201clo presentado habla de los funcionarios que est\u00e1n a cargo, ya que una Secretaria dio cuenta del presupuesto de Seguridad, de la ley de Emergencia ratific\u00f3 que sobre m\u00e1s de 3600 mil millones disponibles solo gastaron 54 millones y le hicieron perder a la provincia pr\u00e1cticamente un a\u00f1o\u201d.<br>\u201cFueron m\u00e1s de diez meses que deber\u00edamos aprovecharlo para ejecutar, para reparar, para comprar, y todo ese tiempo se perdi\u00f3 porque no supieron o no quisieron ejecutar la ley\u201d, sentenci\u00f3 la legisladora socialista.<br>Cabe destacar que a principios de octubre, el ministro Rimoldi hab\u00eda concurrido al plenario de la Comisi\u00f3n de Seguridad P\u00fablica de la C\u00e1mara para brindar informaci\u00f3n oficial respecto a la ejecuci\u00f3n de recursos obtenidos mediante la emergencia en seguridad y del Servicio Penitenciario.<br>\u201cLo ejecutado es mucho menos que lo que hab\u00eda informado Rimoldi. Y lo peor es que Morel, ni siquiera hab\u00eda advertido que la planilla que entreg\u00f3 el ministro estaba mal. Hay una falta de control y de certeza de los datos que informan. Y luego ratific\u00f3 que solo hay 54 millones ejecutados sobre 3600, el 1,5%\u201d, sentenci\u00f3 Clara Garc\u00eda.<br>Asimismo, la diputada subray\u00f3 que \u201cdesde mayo que el gobierno de Santa Fe no muestra los n\u00fameros que son obligaci\u00f3n por una ley nacional\u201d. Y luego, a\u00f1adi\u00f3: \u201cHasta ese mes hab\u00edan ejecutado solo 650 millones de 15 mil millones que todo el Ministerio tiene disponible. Y esto, que parece no importarles, repercute en toda la gente. Gastar menos significa menos control, menos patrulleros en las calles, menos polic\u00edas protegidos ya que reci\u00e9n en noviembre empezar\u00edan a recibir los chalecos\u201d.<br>\u201cQued\u00f3 demostrado que este ministerio y estos funcionarios son parte de una gesti\u00f3n como la que encabeza Omar Perotti que ejecuta sin plan, lento y sin importarle los resultados\u201d, se\u00f1al\u00f3.<br>Conjuntamente, Cattalini asegur\u00f3 que \u201cel gobernador tiene que dar explicaciones a la sociedad, porque hasta ac\u00e1 el cambio de figuritas en Seguridad \u2013ya van por el tercer ministro en menos de tres a\u00f1os\u2013 no sirvi\u00f3 para nada, que la famosa frase \u2018la paz y el orden\u2019 era solo un slogan de campa\u00f1a, y que no tienen un plan para gestionar un ministerio y una realidad tan compleja\u201d.<br>\u201cEl contexto econ\u00f3mico no lo justifica. Venimos de una ley que se sancion\u00f3 pr\u00e1cticamente un a\u00f1o atr\u00e1s. Y la emergencia no solo le daba dinero sino que le otorgaba facilidades administrativas para pensar soluciones, que fue justamente lo que no hicieron. Lo que s\u00ed queda claro es que cuando el gobierno de Santa Fe ahorra plata para ponerla en plazos fijo es en detrimento de la gente. Perotti tiene que dar explicaciones de una vez por todas, porque la gente la est\u00e1 pasando mal y no encuentra respuestas de parte del gobernador\u201d, expres\u00f3 la legisladora.<br>En igual sinton\u00eda, Garc\u00eda detall\u00f3 que \u201cel Banco Central de la Rep\u00fablica Argentina inform\u00f3 en hace unos d\u00edas que hay m\u00e1s de 100 mil millones de pesos en las cuentas bancarias de la provincia\u201d.<br>\u201cEsos son los impuestos de todos los santafesinos, de toda la gente que est\u00e1 sufriendo una situaci\u00f3n de inseguridad y el gobierno no se hace cargo. El ministerio de Seguridad, primero con Sain, despu\u00e9s con Lagna y ahora con Rimoldi no le ha dado importancia a invertir en cuestiones que mejoren la vida de la gente\u201d, remarc\u00f3 la diputada. Y luego complet\u00f3: \u201cHacen falta patrulleros, mejor comunicaci\u00f3n, mejor tecnolog\u00eda, c\u00e1rceles bien equipadas y sistemas para que no ocurran delitos desde adentro de la c\u00e1rcel con los propios celulares\u201d.<br>Por \u00faltimo, Cattalini destac\u00f3 que en la Legislatura se vio \u201ca una secretaria que fue irrespetuosa y que no pudo dar cuenta de su gesti\u00f3n y del manejo del dinero p\u00fablico, y un ministro que no tuvo la autoridad suficiente para conducir una reuni\u00f3n, para hacerse cargo del problema y para mostrar autoridad\u201d.<br>\u201cVenimos de una relaci\u00f3n compleja, nos gustar\u00eda que acepten nuestras cr\u00edticas, nuestras propuestas, ojal\u00e1 esto sirva para hacer un cambio de chip y que podamos tener una relaci\u00f3n mucho m\u00e1s democr\u00e1tica de aqu\u00ed en adelante\u201d, concluy\u00f3.\n\n<\/p>\n","protected":false},"excerpt":{"rendered":"<p>El ministro de Seguridad de Santa Fe y la secretaria de Coordinaci\u00f3n T\u00e9cnica y Administraci\u00f3n Financiera de la cartera, Ana Morel, se reunieron este mi\u00e9rcoles con legisladores de la oposici\u00f3n y del oficialismo para la rendici\u00f3n de inversiones por la emergencia en seguridad p\u00fablica. La C\u00e1mara de Diputados y Diputadas recibi\u00f3 este mi\u00e9rcoles al ministro <a href=\"https:\/\/armstrongyregion.com.ar\/diario\/preocupacion-del-socialismo-tras-reunion-con-rimoldi-en-casi-un-ano-apenas-ejecutaron-el-15-de-la-ley-de-emergencia-en-seguridad-esa-es-la-realidad-del-gobierno-de-perotti\/\" title=\"Read more\" >&#8230;<\/a><\/p>\n","protected":false},"author":1,"featured_media":36146,"comment_status":"open","ping_status":"open","sticky":false,"template":"","format":"image","meta":{"_jetpack_memberships_contains_paid_content":false,"footnotes":"","jetpack_publicize_message":"","jetpack_publicize_feature_enabled":true,"jetpack_social_post_already_shared":true,"jetpack_social_options":{"image_generator_settings":{"template":"highway","default_image_id":0,"enabled":false},"version":2}},"categories":[8,1,2,7,3],"tags":[],"class_list":["post-36145","post","type-post","status-publish","format-image","has-post-thumbnail","hentry","category-deliberando","category-diario-armstrong","category-locales","category-politica","category-region","post_format-post-format-image"],"jetpack_publicize_connections":[],"jetpack_featured_media_url":"https:\/\/armstrongyregion.com.ar\/diario\/wp-content\/uploads\/2022\/10\/clarita-19-10-22-.jpg","jetpack_shortlink":"https:\/\/wp.me\/p62QDO-9oZ","jetpack_sharing_enabled":true,"amp_enabled":true,"_links":{"self":[{"href":"https:\/\/armstrongyregion.com.ar\/diario\/wp-json\/wp\/v2\/posts\/36145","targetHints":{"allow":["GET"]}}],"collection":[{"href":"https:\/\/armstrongyregion.com.ar\/diario\/wp-json\/wp\/v2\/posts"}],"about":[{"href":"https:\/\/armstrongyregion.com.ar\/diario\/wp-json\/wp\/v2\/types\/post"}],"author":[{"embeddable":true,"href":"https:\/\/armstrongyregion.com.ar\/diario\/wp-json\/wp\/v2\/users\/1"}],"replies":[{"embeddable":true,"href":"https:\/\/armstrongyregion.com.ar\/diario\/wp-json\/wp\/v2\/comments?post=36145"}],"version-history":[{"count":1,"href":"https:\/\/armstrongyregion.com.ar\/diario\/wp-json\/wp\/v2\/posts\/36145\/revisions"}],"predecessor-version":[{"id":36147,"href":"https:\/\/armstrongyregion.com.ar\/diario\/wp-json\/wp\/v2\/posts\/36145\/revisions\/36147"}],"wp:featuredmedia":[{"embeddable":true,"href":"https:\/\/armstrongyregion.com.ar\/diario\/wp-json\/wp\/v2\/media\/36146"}],"wp:attachment":[{"href":"https:\/\/armstrongyregion.com.ar\/diario\/wp-json\/wp\/v2\/media?parent=36145"}],"wp:term":[{"taxonomy":"category","embeddable":true,"href":"https:\/\/armstrongyregion.com.ar\/diario\/wp-json\/wp\/v2\/categories?post=36145"},{"taxonomy":"post_tag","embeddable":true,"href":"https:\/\/armstrongyregion.com.ar\/diario\/wp-json\/wp\/v2\/tags?post=36145"}],"curies":[{"name":"wp","href":"https:\/\/api.w.org\/{rel}","templated":true}]}}