{"id":36133,"date":"2022-10-19T16:54:51","date_gmt":"2022-10-19T16:54:51","guid":{"rendered":"https:\/\/armstrongyregion.com.ar\/diario\/?p=36133"},"modified":"2022-10-19T16:54:53","modified_gmt":"2022-10-19T16:54:53","slug":"canada-extiende-cortos-72-horas-a-diferentes-puntos-del-pais","status":"publish","type":"post","link":"https:\/\/armstrongyregion.com.ar\/diario\/canada-extiende-cortos-72-horas-a-diferentes-puntos-del-pais\/","title":{"rendered":"Ca\u00f1ada extiende cortos 72 horas a diferentes puntos del pa\u00eds."},"content":{"rendered":"\n<figure class=\"wp-block-image size-large\"><img loading=\"lazy\" decoding=\"async\" width=\"643\" height=\"429\" src=\"http:\/\/armstrongyregion.com.ar\/diario\/wp-content\/uploads\/2022\/10\/cortos-ca\u00f1ada-.jpg\" alt=\"\" class=\"wp-image-36134\" srcset=\"https:\/\/armstrongyregion.com.ar\/diario\/wp-content\/uploads\/2022\/10\/cortos-ca\u00f1ada-.jpg 643w, https:\/\/armstrongyregion.com.ar\/diario\/wp-content\/uploads\/2022\/10\/cortos-ca\u00f1ada--300x200.jpg 300w\" sizes=\"auto, (max-width: 643px) 100vw, 643px\" \/><\/figure>\n\n\n\n<p>\n\nEl festival, que propone ver y hacer cine con juventudes, se replic\u00f3 en la ciudad neuquina de San Patricio del Cha\u00f1ar, ahora en San Genaro y la semana pr\u00f3xima en Pulsar, el mercado audiovisual que re\u00fane a toda la industria santafesina y nacional.<\/p>\n\n\n\n<p>\u201cPara nosotros es un orgullo que esta experiencia \u00fanica en Latinoam\u00e9rica, nacida en nuestra ciudad, se extienda a todo el pa\u00eds, consolidando a Ca\u00f1ada de G\u00f3mez como un polo de alfabetizaci\u00f3n y desarrollo audiovisual\u201d, manifest\u00f3 la intendenta Stella Cl\u00e9rici.<br>El Festival Cortos 72 Horas es impulsado \u00edntegramente por la gesti\u00f3n municipal y a punto de cumplir diez ediciones, es uno de los proyectos m\u00e1s innovadores del pa\u00eds, en materia de alfabetizaci\u00f3n audiovisual de juventudes.<br>Luego de replicarse en festivales de cine como el de Mar del Plata, Puerto Madryn y Galvez, ahora desembarca en diferentes ciudades a lo largo y a lo ancho del pa\u00eds. \u201cEsto posiciona a Ca\u00f1ada de G\u00f3mez como un referente a nivel nacional e incluso internacional\u201d, concluyeron.<\/p>\n\n\n\n<p><\/p>\n","protected":false},"excerpt":{"rendered":"<p>El festival, que propone ver y hacer cine con juventudes, se replic\u00f3 en la ciudad neuquina de San Patricio del Cha\u00f1ar, ahora en San Genaro y la semana pr\u00f3xima en Pulsar, el mercado audiovisual que re\u00fane a toda la industria santafesina y nacional. \u201cPara nosotros es un orgullo que esta experiencia \u00fanica en Latinoam\u00e9rica, nacida <a href=\"https:\/\/armstrongyregion.com.ar\/diario\/canada-extiende-cortos-72-horas-a-diferentes-puntos-del-pais\/\" title=\"Read more\" >&#8230;<\/a><\/p>\n","protected":false},"author":1,"featured_media":36134,"comment_status":"open","ping_status":"open","sticky":false,"template":"","format":"image","meta":{"_jetpack_memberships_contains_paid_content":false,"footnotes":"","jetpack_publicize_message":"","jetpack_publicize_feature_enabled":true,"jetpack_social_post_already_shared":true,"jetpack_social_options":{"image_generator_settings":{"template":"highway","default_image_id":0,"enabled":false},"version":2}},"categories":[6,8,1,2,7,3],"tags":[],"class_list":["post-36133","post","type-post","status-publish","format-image","has-post-thumbnail","hentry","category-cultura-entretenimiento","category-deliberando","category-diario-armstrong","category-locales","category-politica","category-region","post_format-post-format-image"],"jetpack_publicize_connections":[],"jetpack_featured_media_url":"https:\/\/armstrongyregion.com.ar\/diario\/wp-content\/uploads\/2022\/10\/cortos-ca\u00f1ada-.jpg","jetpack_shortlink":"https:\/\/wp.me\/p62QDO-9oN","jetpack_sharing_enabled":true,"amp_enabled":true,"_links":{"self":[{"href":"https:\/\/armstrongyregion.com.ar\/diario\/wp-json\/wp\/v2\/posts\/36133","targetHints":{"allow":["GET"]}}],"collection":[{"href":"https:\/\/armstrongyregion.com.ar\/diario\/wp-json\/wp\/v2\/posts"}],"about":[{"href":"https:\/\/armstrongyregion.com.ar\/diario\/wp-json\/wp\/v2\/types\/post"}],"author":[{"embeddable":true,"href":"https:\/\/armstrongyregion.com.ar\/diario\/wp-json\/wp\/v2\/users\/1"}],"replies":[{"embeddable":true,"href":"https:\/\/armstrongyregion.com.ar\/diario\/wp-json\/wp\/v2\/comments?post=36133"}],"version-history":[{"count":1,"href":"https:\/\/armstrongyregion.com.ar\/diario\/wp-json\/wp\/v2\/posts\/36133\/revisions"}],"predecessor-version":[{"id":36135,"href":"https:\/\/armstrongyregion.com.ar\/diario\/wp-json\/wp\/v2\/posts\/36133\/revisions\/36135"}],"wp:featuredmedia":[{"embeddable":true,"href":"https:\/\/armstrongyregion.com.ar\/diario\/wp-json\/wp\/v2\/media\/36134"}],"wp:attachment":[{"href":"https:\/\/armstrongyregion.com.ar\/diario\/wp-json\/wp\/v2\/media?parent=36133"}],"wp:term":[{"taxonomy":"category","embeddable":true,"href":"https:\/\/armstrongyregion.com.ar\/diario\/wp-json\/wp\/v2\/categories?post=36133"},{"taxonomy":"post_tag","embeddable":true,"href":"https:\/\/armstrongyregion.com.ar\/diario\/wp-json\/wp\/v2\/tags?post=36133"}],"curies":[{"name":"wp","href":"https:\/\/api.w.org\/{rel}","templated":true}]}}