{"id":36128,"date":"2022-10-19T12:35:52","date_gmt":"2022-10-19T12:35:52","guid":{"rendered":"https:\/\/armstrongyregion.com.ar\/diario\/?p=36128"},"modified":"2022-10-19T16:50:56","modified_gmt":"2022-10-19T16:50:56","slug":"pertusati-el-oficialismo-presento-nuevamente-la-ordenanza-de-vehiculos-autopropulsados-o-monopatines","status":"publish","type":"post","link":"https:\/\/armstrongyregion.com.ar\/diario\/pertusati-el-oficialismo-presento-nuevamente-la-ordenanza-de-vehiculos-autopropulsados-o-monopatines\/","title":{"rendered":"Pertusati: \u201cEl oficialismo present\u00f3 nuevamente la ordenanza de veh\u00edculos autopropulsados o monopatines\u201d."},"content":{"rendered":"\n<figure class=\"wp-block-image size-large\"><img loading=\"lazy\" decoding=\"async\" width=\"559\" height=\"405\" src=\"http:\/\/armstrongyregion.com.ar\/diario\/wp-content\/uploads\/2022\/10\/ale-pertu-octubre-22-.jpg\" alt=\"\" class=\"wp-image-36038\" srcset=\"https:\/\/armstrongyregion.com.ar\/diario\/wp-content\/uploads\/2022\/10\/ale-pertu-octubre-22-.jpg 559w, https:\/\/armstrongyregion.com.ar\/diario\/wp-content\/uploads\/2022\/10\/ale-pertu-octubre-22--300x217.jpg 300w\" sizes=\"auto, (max-width: 559px) 100vw, 559px\" \/><\/figure>\n\n\n\n<p>\n \u201cEsta\nordenanza perdi\u00f3 estado parlamentario, se entiende que no ha\navanzado la ley de tr\u00e1nsito para este tipo de veh\u00edculos. S\u00ed ha\ntenido estudio ya que hay diputadas y diputados que estan\ninvolucrados con este tema para conseguir la sanci\u00f3n definitiva\u201d.\nExpresaba el Pte del concejo.<\/p>\n\n\n\n<p>Luego\na\u00f1adi\u00f3: \u201cEn grandes rasgos lo que queremos con esta ordenanza es\ngenerar concientizacion en la seguridad ya que vemos que hay una gran\ncantidad de monopatines en la ciudad\u201d. \n<\/p>\n\n\n\n<p>Respecto\na las reglas de circulaci\u00f3n se deber\u00eda\nconsiderar:<\/p>\n\n\n\n<ul class=\"wp-block-list\"><li>\n\tvelocidad\n\tm\u00e1xima de 25 km\/h;\n\t<\/li><li>\n\tser\n\tmayores de 18 a\u00f1os;\n\t<\/li><li>\n\tcircular\n\tcon chaleco de seguridad;\n\t<\/li><li>\n\tutilizar\n\tcasco protector;\n\t<\/li><li>\n\ttransportar\n\t\u00fanicamente carga liviana y personal;\n\t<\/li><li>\n\trealizar\n\tse\u00f1ales precisas a la hora de conducir;\n\t<\/li><li>\n\tutilizar\n\tcalzado adecuado que contenga el pie.\n\t<\/li><li>\n\ty\n\trespetar las se\u00f1ales de tr\u00e1nsito. Enumer\u00f3 el edil.\n<\/li><\/ul>\n\n\n\n<p>\u201cNosotros utilizamos de referencia la Ley de CABA,  en Rosario existe una ordenanza que contempla las v\u00edas de circulaci\u00f3n independientes de lo que son autom\u00f3viles. Pero no tenemos una ley nacional o provincial y eso a un municipio como el nuestro nos acota bastante porque no podemos generar una legislaci\u00f3n para los permisos de conducir, para el patentamiento y el tema de los seguros es conflictivo cuando se produce un siniestro con una moto o un auto\u201d. Finaliz\u00f3 el concejal.<\/p>\n","protected":false},"excerpt":{"rendered":"<p>\u201cEsta ordenanza perdi\u00f3 estado parlamentario, se entiende que no ha avanzado la ley de tr\u00e1nsito para este tipo de veh\u00edculos. S\u00ed ha tenido estudio ya que hay diputadas y diputados que estan involucrados con este tema para conseguir la sanci\u00f3n definitiva\u201d. Expresaba el Pte del concejo. Luego a\u00f1adi\u00f3: \u201cEn grandes rasgos lo que queremos con <a href=\"https:\/\/armstrongyregion.com.ar\/diario\/pertusati-el-oficialismo-presento-nuevamente-la-ordenanza-de-vehiculos-autopropulsados-o-monopatines\/\" title=\"Read more\" >&#8230;<\/a><\/p>\n","protected":false},"author":1,"featured_media":36038,"comment_status":"open","ping_status":"open","sticky":false,"template":"","format":"image","meta":{"_jetpack_memberships_contains_paid_content":false,"footnotes":"","jetpack_publicize_message":"","jetpack_publicize_feature_enabled":true,"jetpack_social_post_already_shared":true,"jetpack_social_options":{"image_generator_settings":{"template":"highway","default_image_id":0,"enabled":false},"version":2}},"categories":[8,1,2,7],"tags":[],"class_list":["post-36128","post","type-post","status-publish","format-image","has-post-thumbnail","hentry","category-deliberando","category-diario-armstrong","category-locales","category-politica","post_format-post-format-image"],"jetpack_publicize_connections":[],"jetpack_featured_media_url":"https:\/\/armstrongyregion.com.ar\/diario\/wp-content\/uploads\/2022\/10\/ale-pertu-octubre-22-.jpg","jetpack_shortlink":"https:\/\/wp.me\/p62QDO-9oI","jetpack_sharing_enabled":true,"amp_enabled":true,"_links":{"self":[{"href":"https:\/\/armstrongyregion.com.ar\/diario\/wp-json\/wp\/v2\/posts\/36128","targetHints":{"allow":["GET"]}}],"collection":[{"href":"https:\/\/armstrongyregion.com.ar\/diario\/wp-json\/wp\/v2\/posts"}],"about":[{"href":"https:\/\/armstrongyregion.com.ar\/diario\/wp-json\/wp\/v2\/types\/post"}],"author":[{"embeddable":true,"href":"https:\/\/armstrongyregion.com.ar\/diario\/wp-json\/wp\/v2\/users\/1"}],"replies":[{"embeddable":true,"href":"https:\/\/armstrongyregion.com.ar\/diario\/wp-json\/wp\/v2\/comments?post=36128"}],"version-history":[{"count":2,"href":"https:\/\/armstrongyregion.com.ar\/diario\/wp-json\/wp\/v2\/posts\/36128\/revisions"}],"predecessor-version":[{"id":36132,"href":"https:\/\/armstrongyregion.com.ar\/diario\/wp-json\/wp\/v2\/posts\/36128\/revisions\/36132"}],"wp:featuredmedia":[{"embeddable":true,"href":"https:\/\/armstrongyregion.com.ar\/diario\/wp-json\/wp\/v2\/media\/36038"}],"wp:attachment":[{"href":"https:\/\/armstrongyregion.com.ar\/diario\/wp-json\/wp\/v2\/media?parent=36128"}],"wp:term":[{"taxonomy":"category","embeddable":true,"href":"https:\/\/armstrongyregion.com.ar\/diario\/wp-json\/wp\/v2\/categories?post=36128"},{"taxonomy":"post_tag","embeddable":true,"href":"https:\/\/armstrongyregion.com.ar\/diario\/wp-json\/wp\/v2\/tags?post=36128"}],"curies":[{"name":"wp","href":"https:\/\/api.w.org\/{rel}","templated":true}]}}