{"id":36097,"date":"2022-10-17T23:57:27","date_gmt":"2022-10-17T23:57:27","guid":{"rendered":"https:\/\/armstrongyregion.com.ar\/diario\/?p=36097"},"modified":"2022-10-17T23:57:29","modified_gmt":"2022-10-17T23:57:29","slug":"canada-de-gomez-la-escuela-de-musica-y-la-banda-municipal-celebro-sus-75-anos","status":"publish","type":"post","link":"https:\/\/armstrongyregion.com.ar\/diario\/canada-de-gomez-la-escuela-de-musica-y-la-banda-municipal-celebro-sus-75-anos\/","title":{"rendered":"Ca\u00f1ada de G\u00f3mez. La escuela de m\u00fasica y la banda municipal celebr\u00f3 sus 75 a\u00f1os."},"content":{"rendered":"\n<figure class=\"wp-block-image size-large\"><img loading=\"lazy\" decoding=\"async\" width=\"640\" height=\"427\" src=\"http:\/\/armstrongyregion.com.ar\/diario\/wp-content\/uploads\/2022\/10\/banda-municipal-1-2-3-.jpg\" alt=\"\" class=\"wp-image-36098\" srcset=\"https:\/\/armstrongyregion.com.ar\/diario\/wp-content\/uploads\/2022\/10\/banda-municipal-1-2-3-.jpg 640w, https:\/\/armstrongyregion.com.ar\/diario\/wp-content\/uploads\/2022\/10\/banda-municipal-1-2-3--300x200.jpg 300w\" sizes=\"auto, (max-width: 640px) 100vw, 640px\" \/><\/figure>\n\n\n\n<p>El pasado viernes la Escuela de M\u00fasica y Banda Municipal \u201cVicente Beltr\u00e1n\u201d celebr\u00f3 sus 75 a\u00f1os, present\u00e1ndose en el Teatro Verdi junto a la Orquesta Municipal de Tango, Coro Municipal y la Orquesta de la Municipalidad de Hurlingham, dirigida por el ca\u00f1adense Roberto \u201cRoby\u201d Flores.<\/p>\n\n\n\n<p>La intendenta Stella Cl\u00e9rici junto al presidente del Concejo, Marcelo Casalegno, y la secretaria de Cultura, Raquel Di Paola, entregaron un reconocimiento al actual director de la Banda Diego Aureli y a quien lo precedi\u00f3 en el cargo, Rub\u00e9n Beltr\u00e1n. \u201cUna noche muy emotiva a trav\u00e9s de la m\u00fasica que nos permite compartir momentos maravillosos\u201d, expres\u00f3 Cl\u00e9rici.&nbsp;<\/p>\n","protected":false},"excerpt":{"rendered":"<p>El pasado viernes la Escuela de M\u00fasica y Banda Municipal \u201cVicente Beltr\u00e1n\u201d celebr\u00f3 sus 75 a\u00f1os, present\u00e1ndose en el Teatro Verdi junto a la Orquesta Municipal de Tango, Coro Municipal y la Orquesta de la Municipalidad de Hurlingham, dirigida por el ca\u00f1adense Roberto \u201cRoby\u201d Flores. La intendenta Stella Cl\u00e9rici junto al presidente del Concejo, Marcelo <a href=\"https:\/\/armstrongyregion.com.ar\/diario\/canada-de-gomez-la-escuela-de-musica-y-la-banda-municipal-celebro-sus-75-anos\/\" title=\"Read more\" >&#8230;<\/a><\/p>\n","protected":false},"author":1,"featured_media":36098,"comment_status":"open","ping_status":"open","sticky":false,"template":"","format":"image","meta":{"_jetpack_memberships_contains_paid_content":false,"footnotes":"","jetpack_publicize_message":"","jetpack_publicize_feature_enabled":true,"jetpack_social_post_already_shared":true,"jetpack_social_options":{"image_generator_settings":{"template":"highway","default_image_id":0,"enabled":false},"version":2}},"categories":[6,8,1,2,7,3],"tags":[],"class_list":["post-36097","post","type-post","status-publish","format-image","has-post-thumbnail","hentry","category-cultura-entretenimiento","category-deliberando","category-diario-armstrong","category-locales","category-politica","category-region","post_format-post-format-image"],"jetpack_publicize_connections":[],"jetpack_featured_media_url":"https:\/\/armstrongyregion.com.ar\/diario\/wp-content\/uploads\/2022\/10\/banda-municipal-1-2-3-.jpg","jetpack_shortlink":"https:\/\/wp.me\/p62QDO-9od","jetpack_sharing_enabled":true,"amp_enabled":true,"_links":{"self":[{"href":"https:\/\/armstrongyregion.com.ar\/diario\/wp-json\/wp\/v2\/posts\/36097","targetHints":{"allow":["GET"]}}],"collection":[{"href":"https:\/\/armstrongyregion.com.ar\/diario\/wp-json\/wp\/v2\/posts"}],"about":[{"href":"https:\/\/armstrongyregion.com.ar\/diario\/wp-json\/wp\/v2\/types\/post"}],"author":[{"embeddable":true,"href":"https:\/\/armstrongyregion.com.ar\/diario\/wp-json\/wp\/v2\/users\/1"}],"replies":[{"embeddable":true,"href":"https:\/\/armstrongyregion.com.ar\/diario\/wp-json\/wp\/v2\/comments?post=36097"}],"version-history":[{"count":1,"href":"https:\/\/armstrongyregion.com.ar\/diario\/wp-json\/wp\/v2\/posts\/36097\/revisions"}],"predecessor-version":[{"id":36099,"href":"https:\/\/armstrongyregion.com.ar\/diario\/wp-json\/wp\/v2\/posts\/36097\/revisions\/36099"}],"wp:featuredmedia":[{"embeddable":true,"href":"https:\/\/armstrongyregion.com.ar\/diario\/wp-json\/wp\/v2\/media\/36098"}],"wp:attachment":[{"href":"https:\/\/armstrongyregion.com.ar\/diario\/wp-json\/wp\/v2\/media?parent=36097"}],"wp:term":[{"taxonomy":"category","embeddable":true,"href":"https:\/\/armstrongyregion.com.ar\/diario\/wp-json\/wp\/v2\/categories?post=36097"},{"taxonomy":"post_tag","embeddable":true,"href":"https:\/\/armstrongyregion.com.ar\/diario\/wp-json\/wp\/v2\/tags?post=36097"}],"curies":[{"name":"wp","href":"https:\/\/api.w.org\/{rel}","templated":true}]}}