{"id":36094,"date":"2022-10-17T23:21:12","date_gmt":"2022-10-17T23:21:12","guid":{"rendered":"https:\/\/armstrongyregion.com.ar\/diario\/?p=36094"},"modified":"2022-10-17T23:21:15","modified_gmt":"2022-10-17T23:21:15","slug":"la-provincia-acompano-la-presencia-de-11-empresas-en-una-importante-muestra-internacional-del-sector-automotriz","status":"publish","type":"post","link":"https:\/\/armstrongyregion.com.ar\/diario\/la-provincia-acompano-la-presencia-de-11-empresas-en-una-importante-muestra-internacional-del-sector-automotriz\/","title":{"rendered":"La provincia acompa\u00f1\u00f3 la presencia de 11 empresas en una importante muestra internacional del sector automotriz."},"content":{"rendered":"\n<figure class=\"wp-block-image size-large\"><img loading=\"lazy\" decoding=\"async\" width=\"570\" height=\"320\" src=\"http:\/\/armstrongyregion.com.ar\/diario\/wp-content\/uploads\/2022\/10\/empresarios-s.f..jpg\" alt=\"\" class=\"wp-image-36095\" srcset=\"https:\/\/armstrongyregion.com.ar\/diario\/wp-content\/uploads\/2022\/10\/empresarios-s.f..jpg 570w, https:\/\/armstrongyregion.com.ar\/diario\/wp-content\/uploads\/2022\/10\/empresarios-s.f.-300x168.jpg 300w\" sizes=\"auto, (max-width: 570px) 100vw, 570px\" \/><\/figure>\n\n\n\n<h2 class=\"wp-block-heading\"> Las firmas expusieron en un pabell\u00f3n de 343 metros cuadrados, en la reconocida exposici\u00f3n Automechanika Buenos Aires. <\/h2>\n\n\n\n<p>El Ministerio de Producci\u00f3n, Ciencia y Tecnolog\u00eda, a trav\u00e9s de la Agencia Santa Fe Global, particip\u00f3 y acompa\u00f1\u00f3 firmas santafesinas en la feria Automechanika Buenos Aires, evento que volvi\u00f3 a realizarse luego de cuatro a\u00f1os, exponiendo todas las novedades del sector de servicios para la industria de autopartes, incluyendo accesorios para el auto, carrocer\u00eda, llantas y neum\u00e1ticos.<\/p>\n\n\n\n<p>En este marco, Santa Fe destin\u00f3 recursos para que 11 empresas del territorio puedan contar con un espacio en un pabell\u00f3n de 343 metros y as\u00ed exponer todo su potencial. \u00c9stas fueron: Abelardo Pongolini S.R.L., Juntas Illinois S.A., Fapersa ICSA, Serrat S.R.L., Liftgate S.A., Faros Ausili S.R.L., Julio Osmar Buzetti S.A., Establecimiento T\u00e9cnico Metal\u00fargico Argentino S.A., VMG S.A., Rafaela Motores S.A., y Dei-Cas Autopartes.<\/p>\n\n\n\n<p>Adem\u00e1s, durante el evento se realizaron rondas de negocios organizadas por la Agencia Argentina de Inversiones y Comercio Internacional, donde asistieron contrapartes internacionales, y que contaron con la participaci\u00f3n de seis empresas santafesinas que realizaron encuentros con ocho firmas de Brasil, M\u00e9xico, Paraguay, Chile, El Salvador y Ecuador.<\/p>\n\n\n\n<p>Luego de visitar la expo y dialogar con las empresas expositoras, el secretario de Comercio Exterior, Germ\u00e1n Burcher, manifest\u00f3: \u201cParticiparon 11 empresas autopartistas de nuestra provincia que presentaron su oferta a visitantes del pa\u00eds y el exterior. Los empresarios est\u00e1n contentos por lo que ocurri\u00f3 durante estos d\u00edas, recibieron visitas de firmas de pa\u00edses sudamericanos mayormente, por lo que se fueron muy conformes. Con ellos tambi\u00e9n hablamos sobre las acciones a desarrollar el pr\u00f3ximo a\u00f1o, que tienen que ver con la internacionalizaci\u00f3n del sector autopartista santafesino\u201d.<\/p>\n\n\n\n<p><strong>LA FERIA<\/strong><\/p>\n\n\n\n<p>El sector automotriz volvi\u00f3 a reunirse en Automechanika Buenos Aires con m\u00e1s de 700 marcas presentes y recibiendo la visita de m\u00e1s de 25.000 personas. Participaron empresas nacionales de toda la cadena de valor y tambi\u00e9n empresas internacionales de pa\u00edses tales como Tailandia, India, Jap\u00f3n, Italia, Lituania, Polonia, Rumania, Chile, Estados Unidos y Egipto. Adem\u00e1s, se pudieron recorrer los pabellones internacionales de Alemania, Brasil y Turqu\u00eda.<\/p>\n\n\n\n<p>Es uno de los eventos del sector autopartista m\u00e1s importante del mundo. Este a\u00f1o se realiz\u00f3 en modalidad presencial del 11 al 14 de octubre en Buenos Aires, Argentina.<\/p>\n\n\n\n<p><strong>VOCES PROTAGONISTAS<\/strong><\/p>\n\n\n\n<p>Sobre Automechanika, el representante de la firma Aberaldo Pongolini S.R.L, Guido Pongolini, afirm\u00f3: \u201cEs un evento muy importante que nos permite el encuentro con nuestros proveedores y clientes, adem\u00e1s nos posibilita hacer nuevos contactos. La provincia nos dio una ayuda muy importante para poder estar ac\u00e1, esto nos permite generar un feedback con los clientes para poder mejorar la calidad del producto y la atenci\u00f3n\u201d.<\/p>\n\n\n\n<p>Camila de la Empresa Dei-Cas Autopartes, una empresa familiar que hace 10 a\u00f1os se encuentra en el mercado, sostuvo que \u201cfue una exposici\u00f3n muy interesante para nosotros, ya que logramos hacer muchos contactos nuevos y, a su vez, pudimos conocer personalmente a clientes que hicimos durante la pandemia. Adem\u00e1s, tuvimos la visita de potenciales clientes del exterior del pa\u00eds, como Uruguay, Paraguay, Bolivia y Chile; fue una gran experiencia que, seguramente, traer\u00e1 muchos frutos\u201d.<\/p>\n\n\n\n<p>Rub\u00e9n Hosenen, gerente comercial de VMG S.A, expres\u00f3 que \u201cestamos felices de volver a participar de esta feria luego de la pandemia, de reencontrarnos con nuestros clientes, proveedores, distribuidores y amigos. Estamos presentando un producto que llamamos \u00b4Super Kit de Distribuci\u00f3n \u0301 que est\u00e1 compuesto por correa, tensores y bomba de agua. Tuvimos una excelente recepci\u00f3n. Quiero agradecer a Comercio Exterior de la Provincia y al CFI por poder participar y estar presente como empresa, mostrando nuestros productos, su calidad y atendiendo a la gente en forma personal. Una de las cuestiones importantes de esta participaci\u00f3n es que recibimos visitas de potenciales clientes del exterior, seguramente a la vuelta de la feria estaremos trabajando y reforzando esos contactos\u201d.<\/p>\n","protected":false},"excerpt":{"rendered":"<p>Las firmas expusieron en un pabell\u00f3n de 343 metros cuadrados, en la reconocida exposici\u00f3n Automechanika Buenos Aires. El Ministerio de Producci\u00f3n, Ciencia y Tecnolog\u00eda, a trav\u00e9s de la Agencia Santa Fe Global, particip\u00f3 y acompa\u00f1\u00f3 firmas santafesinas en la feria Automechanika Buenos Aires, evento que volvi\u00f3 a realizarse luego de cuatro a\u00f1os, exponiendo todas las <a href=\"https:\/\/armstrongyregion.com.ar\/diario\/la-provincia-acompano-la-presencia-de-11-empresas-en-una-importante-muestra-internacional-del-sector-automotriz\/\" title=\"Read more\" >&#8230;<\/a><\/p>\n","protected":false},"author":1,"featured_media":36095,"comment_status":"open","ping_status":"open","sticky":false,"template":"","format":"image","meta":{"_jetpack_memberships_contains_paid_content":false,"footnotes":"","jetpack_publicize_message":"","jetpack_publicize_feature_enabled":true,"jetpack_social_post_already_shared":true,"jetpack_social_options":{"image_generator_settings":{"template":"highway","default_image_id":0,"enabled":false},"version":2}},"categories":[6,8,1,2,7,3],"tags":[],"class_list":["post-36094","post","type-post","status-publish","format-image","has-post-thumbnail","hentry","category-cultura-entretenimiento","category-deliberando","category-diario-armstrong","category-locales","category-politica","category-region","post_format-post-format-image"],"jetpack_publicize_connections":[],"jetpack_featured_media_url":"https:\/\/armstrongyregion.com.ar\/diario\/wp-content\/uploads\/2022\/10\/empresarios-s.f..jpg","jetpack_shortlink":"https:\/\/wp.me\/p62QDO-9oa","jetpack_sharing_enabled":true,"amp_enabled":true,"_links":{"self":[{"href":"https:\/\/armstrongyregion.com.ar\/diario\/wp-json\/wp\/v2\/posts\/36094","targetHints":{"allow":["GET"]}}],"collection":[{"href":"https:\/\/armstrongyregion.com.ar\/diario\/wp-json\/wp\/v2\/posts"}],"about":[{"href":"https:\/\/armstrongyregion.com.ar\/diario\/wp-json\/wp\/v2\/types\/post"}],"author":[{"embeddable":true,"href":"https:\/\/armstrongyregion.com.ar\/diario\/wp-json\/wp\/v2\/users\/1"}],"replies":[{"embeddable":true,"href":"https:\/\/armstrongyregion.com.ar\/diario\/wp-json\/wp\/v2\/comments?post=36094"}],"version-history":[{"count":1,"href":"https:\/\/armstrongyregion.com.ar\/diario\/wp-json\/wp\/v2\/posts\/36094\/revisions"}],"predecessor-version":[{"id":36096,"href":"https:\/\/armstrongyregion.com.ar\/diario\/wp-json\/wp\/v2\/posts\/36094\/revisions\/36096"}],"wp:featuredmedia":[{"embeddable":true,"href":"https:\/\/armstrongyregion.com.ar\/diario\/wp-json\/wp\/v2\/media\/36095"}],"wp:attachment":[{"href":"https:\/\/armstrongyregion.com.ar\/diario\/wp-json\/wp\/v2\/media?parent=36094"}],"wp:term":[{"taxonomy":"category","embeddable":true,"href":"https:\/\/armstrongyregion.com.ar\/diario\/wp-json\/wp\/v2\/categories?post=36094"},{"taxonomy":"post_tag","embeddable":true,"href":"https:\/\/armstrongyregion.com.ar\/diario\/wp-json\/wp\/v2\/tags?post=36094"}],"curies":[{"name":"wp","href":"https:\/\/api.w.org\/{rel}","templated":true}]}}