{"id":36091,"date":"2022-10-17T23:18:00","date_gmt":"2022-10-17T23:18:00","guid":{"rendered":"https:\/\/armstrongyregion.com.ar\/diario\/?p=36091"},"modified":"2022-10-17T23:18:02","modified_gmt":"2022-10-17T23:18:02","slug":"clerici-recibio-a-autoridades-de-educacion-para-entregar-kits-de-instrumentos-musicales-y-anunciar-creacion-de-un-jardin-de-infantes","status":"publish","type":"post","link":"https:\/\/armstrongyregion.com.ar\/diario\/clerici-recibio-a-autoridades-de-educacion-para-entregar-kits-de-instrumentos-musicales-y-anunciar-creacion-de-un-jardin-de-infantes\/","title":{"rendered":"Cl\u00e9rici recibi\u00f3 a autoridades de educaci\u00f3n para entregar kits de instrumentos musicales y anunciar creaci\u00f3n de un jard\u00edn de infantes."},"content":{"rendered":"\n<figure class=\"wp-block-image size-large\"><img loading=\"lazy\" decoding=\"async\" width=\"640\" height=\"425\" src=\"http:\/\/armstrongyregion.com.ar\/diario\/wp-content\/uploads\/2022\/10\/clerici-jard\u00edn-.jpg\" alt=\"\" class=\"wp-image-36092\" srcset=\"https:\/\/armstrongyregion.com.ar\/diario\/wp-content\/uploads\/2022\/10\/clerici-jard\u00edn-.jpg 640w, https:\/\/armstrongyregion.com.ar\/diario\/wp-content\/uploads\/2022\/10\/clerici-jard\u00edn--300x199.jpg 300w\" sizes=\"auto, (max-width: 640px) 100vw, 640px\" \/><\/figure>\n\n\n\n<p>La intendenta Stella Cl\u00e9rici recibi\u00f3 en el Centro de la Juventud al delegado de la Regi\u00f3n V de Educaci\u00f3n, Guillermo Virgili, y la subsecretaria de nivel inicial del Ministerio de Educaci\u00f3n, Rosana Cencha, para hacer entrega de kits de instrumentos musicales para jardines de infantes de la regi\u00f3n.<\/p>\n\n\n\n<p>Adem\u00e1s, en la jornada se anunci\u00f3 la creaci\u00f3n del \u00abJard\u00edn de Infantes N\u00b0 381\u00bb en la localidad de Salto Grande, que ven\u00eda funcionando junto a la Escuela Primaria N\u00b0 241. \u201cMuy contentos de recibir autoridades del Ministerio de Educaci\u00f3n y directivos de nivel inicial del sus provincial, colaborando en la entrega de instrumentos musicales y acompa\u00f1ar importantes anuncios de infraestructura educativa para la regi\u00f3n, en&nbsp;esta oportunidad para Salto Grande\u201d, expres\u00f3 Cl\u00e9rici. &nbsp;&nbsp;&nbsp;<\/p>\n\n\n\n<p>Precisamente, Cencha destac\u00f3 el trabajo conjunto entre Regi\u00f3n V, Ministerio de Educaci\u00f3n y la intendenta para concretar la creaci\u00f3n del Jard\u00edn en Salto Grande, lo que significa la designaci\u00f3n de cargos directivos y asistentes escolares.<\/p>\n","protected":false},"excerpt":{"rendered":"<p>La intendenta Stella Cl\u00e9rici recibi\u00f3 en el Centro de la Juventud al delegado de la Regi\u00f3n V de Educaci\u00f3n, Guillermo Virgili, y la subsecretaria de nivel inicial del Ministerio de Educaci\u00f3n, Rosana Cencha, para hacer entrega de kits de instrumentos musicales para jardines de infantes de la regi\u00f3n. Adem\u00e1s, en la jornada se anunci\u00f3 la <a href=\"https:\/\/armstrongyregion.com.ar\/diario\/clerici-recibio-a-autoridades-de-educacion-para-entregar-kits-de-instrumentos-musicales-y-anunciar-creacion-de-un-jardin-de-infantes\/\" title=\"Read more\" >&#8230;<\/a><\/p>\n","protected":false},"author":1,"featured_media":36092,"comment_status":"open","ping_status":"open","sticky":false,"template":"","format":"image","meta":{"_jetpack_memberships_contains_paid_content":false,"footnotes":"","jetpack_publicize_message":"","jetpack_publicize_feature_enabled":true,"jetpack_social_post_already_shared":true,"jetpack_social_options":{"image_generator_settings":{"template":"highway","default_image_id":0,"enabled":false},"version":2}},"categories":[6,8,1,2,7,3],"tags":[],"class_list":["post-36091","post","type-post","status-publish","format-image","has-post-thumbnail","hentry","category-cultura-entretenimiento","category-deliberando","category-diario-armstrong","category-locales","category-politica","category-region","post_format-post-format-image"],"jetpack_publicize_connections":[],"jetpack_featured_media_url":"https:\/\/armstrongyregion.com.ar\/diario\/wp-content\/uploads\/2022\/10\/clerici-jard\u00edn-.jpg","jetpack_shortlink":"https:\/\/wp.me\/p62QDO-9o7","jetpack_sharing_enabled":true,"amp_enabled":true,"_links":{"self":[{"href":"https:\/\/armstrongyregion.com.ar\/diario\/wp-json\/wp\/v2\/posts\/36091","targetHints":{"allow":["GET"]}}],"collection":[{"href":"https:\/\/armstrongyregion.com.ar\/diario\/wp-json\/wp\/v2\/posts"}],"about":[{"href":"https:\/\/armstrongyregion.com.ar\/diario\/wp-json\/wp\/v2\/types\/post"}],"author":[{"embeddable":true,"href":"https:\/\/armstrongyregion.com.ar\/diario\/wp-json\/wp\/v2\/users\/1"}],"replies":[{"embeddable":true,"href":"https:\/\/armstrongyregion.com.ar\/diario\/wp-json\/wp\/v2\/comments?post=36091"}],"version-history":[{"count":1,"href":"https:\/\/armstrongyregion.com.ar\/diario\/wp-json\/wp\/v2\/posts\/36091\/revisions"}],"predecessor-version":[{"id":36093,"href":"https:\/\/armstrongyregion.com.ar\/diario\/wp-json\/wp\/v2\/posts\/36091\/revisions\/36093"}],"wp:featuredmedia":[{"embeddable":true,"href":"https:\/\/armstrongyregion.com.ar\/diario\/wp-json\/wp\/v2\/media\/36092"}],"wp:attachment":[{"href":"https:\/\/armstrongyregion.com.ar\/diario\/wp-json\/wp\/v2\/media?parent=36091"}],"wp:term":[{"taxonomy":"category","embeddable":true,"href":"https:\/\/armstrongyregion.com.ar\/diario\/wp-json\/wp\/v2\/categories?post=36091"},{"taxonomy":"post_tag","embeddable":true,"href":"https:\/\/armstrongyregion.com.ar\/diario\/wp-json\/wp\/v2\/tags?post=36091"}],"curies":[{"name":"wp","href":"https:\/\/api.w.org\/{rel}","templated":true}]}}