{"id":36071,"date":"2022-10-15T01:54:25","date_gmt":"2022-10-15T01:54:25","guid":{"rendered":"https:\/\/armstrongyregion.com.ar\/diario\/?p=36071"},"modified":"2022-10-15T01:54:28","modified_gmt":"2022-10-15T01:54:28","slug":"la-provincia-promueve-la-deteccion-temprana-del-cancer-de-mama","status":"publish","type":"post","link":"https:\/\/armstrongyregion.com.ar\/diario\/la-provincia-promueve-la-deteccion-temprana-del-cancer-de-mama\/","title":{"rendered":"La provincia promueve la detecci\u00f3n temprana del c\u00e1ncer de mama."},"content":{"rendered":"\n<figure class=\"wp-block-image size-large\"><img loading=\"lazy\" decoding=\"async\" width=\"742\" height=\"406\" src=\"http:\/\/armstrongyregion.com.ar\/diario\/wp-content\/uploads\/2022\/10\/octubre-rosa-.jpg\" alt=\"\" class=\"wp-image-36072\" srcset=\"https:\/\/armstrongyregion.com.ar\/diario\/wp-content\/uploads\/2022\/10\/octubre-rosa-.jpg 742w, https:\/\/armstrongyregion.com.ar\/diario\/wp-content\/uploads\/2022\/10\/octubre-rosa--300x164.jpg 300w\" sizes=\"auto, (max-width: 742px) 100vw, 742px\" \/><\/figure>\n\n\n\n<h2 class=\"wp-block-heading\"> En el marco del mes de sensibilizaci\u00f3n de la enfermedad, destacan la importancia del diagn\u00f3stico precoz. Es la primera causa de muerte en mujeres y puede curarse. <\/h2>\n\n\n\n<p>\n\nLa provincia, a trav\u00e9s de la Agencia de Control de C\u00e1ncer del Ministerio de Salud, record\u00f3 la necesidad de que las mujeres y personas gestantes se realicen controles peri\u00f3dicos para detectar de manera precoz el c\u00e1ncer de mama, la principal causa de fallecimientos en esta poblaci\u00f3n, \u201cmediante la mamograf\u00eda que, incluso, en momentos iniciales en que no hay ninguna lesi\u00f3n palpable, o visible con otros m\u00e9todos, este estudio s\u00ed las detecta\u201d, enfatiz\u00f3 la directora del organismo, Graciela L\u00f3pez de Degani.<\/p>\n\n\n\n<p>El mensaje forma parte de diversas acciones de concientizaci\u00f3n, sensibilizaci\u00f3n, detecci\u00f3n, y prevenci\u00f3n secundaria, que se realizar\u00e1n y promover\u00e1n con mayor fuerza durante todo octubre, mes en que se conmemora el D\u00eda Mundial del C\u00e1ncer de Mama, si bien se trata de pol\u00edticas que se sostienen durante todo el a\u00f1o.<\/p>\n\n\n\n<p>En la misma l\u00ednea, Graciela L\u00f3pez de Degani record\u00f3 que \u201cen la provincia fallecen por esta enfermedad 521\u201d mujeres y personas gestantes por a\u00f1o; cifra que coincide con n\u00fameros nacionales y mundiales. No obstante, la situaci\u00f3n \u201cviene revirti\u00e9ndose y puede seguir revirti\u00e9ndose con detecci\u00f3n precoz y el tratamiento oportuno\u201d.<\/p>\n\n\n\n<p><strong>UN ESTUDIO SIMPLE, ACCESIBLE, QUE SALVA VIDAS<\/strong><br>\u201cPara este tipo de tumores, la Agencia de Control de C\u00e1ncer de la provincia de Santa Fe, centra sus esfuerzos en concientizar, poner y marcha y sostener pol\u00edticas activas de detecci\u00f3n, dentro de las cuales el \u2018est\u00e1ndar de oro\u2019 es la mamograf\u00eda\u201d, estudio que supera, incluso, a la ecograf\u00eda y resonancia para visualizar lesiones inobservables, tumorales o pretumorales, y no palpables\u201d en la consulta cl\u00ednica o el autoexamen mamario, agreg\u00f3 L\u00f3pez de Degani.<\/p>\n\n\n\n<p>\u201cCuando el diagn\u00f3stico de c\u00e1ncer es temprano, se puede curar. La mamograf\u00eda detecta tumores a\u00fan no palpables, aumentando las chances de cura en m\u00e1s de un 90 por ciento. Si hay antecedentes familiares o personales, este estudio debe realizarse precozmente y la consulta con el especialista debe ser permanente\u201d, sum\u00f3.<\/p>\n\n\n\n<p>Por otra parte, si las mujeres y personas gestantes no se hicieron nunca una mamograf\u00eda, \u201ca partir de los 50 a\u00f1os, o antes si el m\u00e9dico lo indica, deben realizarse peri\u00f3dicamente una. Es un estudio que salva vidas\u201d, agreg\u00f3 la funcionaria, y precis\u00f3 que \u201cel tumor de mama es el m\u00e1s frecuente y afecta a una de cada ocho mujeres\u201d.<\/p>\n\n\n\n<p><strong>M\u00c1S EQUIPAMIENTO Y ACCIONES EN MARCHA<\/strong><br>En el marco de un proceso de descentralizaci\u00f3n del instrumental m\u00e9dico y diagn\u00f3stico, L\u00f3pez de Degani se\u00f1al\u00f3 que existen 20 mam\u00f3grafos en el sistema p\u00fablico de salud provincial, distribuidos estrat\u00e9gicamente bajo un criterio de equidad y accesibilidad territorial. Estos, adem\u00e1s de los que existen en el subsistema privado y de la seguridad social y obras sociales.<\/p>\n\n\n\n<p>\u201cNo obstante, la provincia sigue adecuando infraestructura y equipando con mam\u00f3grafos a m\u00e1s efectores. En el hospital Sayago de la ciudad de Santa Fe se est\u00e1 terminando de refaccionar la estructura edilicia para instalar en breve un mam\u00f3grafo nuevo, que ya est\u00e1 disponible en este efector, importante en el norte de la capital provincial\u201d.<\/p>\n\n\n\n<p>Por otro lado, destac\u00f3 el aporte y el trabajo intersectorial que la agencia realiza en forma conjunta con instituciones como Lalcec y el Rotary Club.<\/p>\n\n\n\n<p>\u201cLlevamos adelante permanentemente campa\u00f1as de difusi\u00f3n y concientizaci\u00f3n; capacitamos a sus voluntarios y ellos realizan un importante trabajo en toda la provincia, que para nosotros es fundamental. Estas acciones se profundizar\u00e1n en el marco del Mes Mundial del C\u00e1ncer de Mama\u201d, dijo la directora de la Agencia.<\/p>\n\n\n\n<p><strong>ACTIVIDADES<\/strong><br>Durante todo el mes de octubre se distribuir\u00e1 folleter\u00eda y material con informaci\u00f3n preventiva, y sobre el programa de mama, en efectores y mam\u00f3grafos que realicen campa\u00f1as. Todo ello en el marco de acciones de comunicaci\u00f3n en diversos formatos y medios por parte del Ministerio de Salud de la provincia.<\/p>\n\n\n\n<p>El 20 de octubre a las 12, se har\u00e1 una presentaci\u00f3n sobre la tem\u00e1tica en el hall de la C\u00e1mara de Senadores de la provincia, Gral. L\u00f3pez 3055 de la ciudad de Santa Fe, una charla tambi\u00e9n abierta a la comunidad.<\/p>\n\n\n\n<p>El 23 de octubre, entre las 9,30 y 11, 30, se realizar\u00e1n actividades en el Hospital Escuela Eva Per\u00f3n de Granadero Baigorria bajo la consigna \u201cEst\u00e1s a Tiempo\u201d. La caminata se inicia en el hospital y finaliza en el parque municipal recreativo, lugar donde habr\u00e1 carpas de Salud.<\/p>\n\n\n\n<p>En este hospital tambi\u00e9n, durante todo octubre, se realizar\u00e1 consultorio a demanda y mamograf\u00edas a personas a partir de los 40 a\u00f1os por orden de llegada, los lunes, martes y viernes, de 8 a 12 hs, y los mi\u00e9rcoles y jueves, de 7 a 19.<\/p>\n\n\n\n<p>En Alcorta, tambi\u00e9n se realizar\u00e1 una campa\u00f1a organizada por el SAMCO local, la Agencia de Control de C\u00e1ncer y otros actores institucionales. Se planean hacer 300 mamograf\u00edas.<\/p>\n\n\n\n<p>En el Hospital Centenario de Rosario el servicio de Ginecolog\u00eda, la segunda semana de octubre, realizar\u00e1 control mamario a demanda, y derivaci\u00f3n para mamograf\u00eda a demanda. Mientras, en el Hospital Provincial de esa ciudad, del 16 al 21, tambi\u00e9n habr\u00e1 consultorio a demanda para mujeres y personas gestantes desde los 40 a\u00f1os, que no cuenten con senograf\u00eda realizada en el \u00faltimo a\u00f1o, y pedido de mamograf\u00eda. El servicio de Diagn\u00f3stico por Im\u00e1genes otorgar\u00e1 20 turnos para este estudio por d\u00eda.<\/p>\n\n\n\n<p>Habr\u00e1 actividades en el SAMCo de Correa; en el Hospital San Jos\u00e9 de Ca\u00f1ada de G\u00f3mez, se realizar\u00e1n 200 mamograf\u00edas junto a LALCEC, para mujeres de all\u00ed, y localidades aleda\u00f1as y pacientes del Hospital en Octubre y Noviembre si no se satisface la demanda.<\/p>\n\n\n\n<p>En el SAMCO de Villa Constituci\u00f3n habr\u00e1 actividades en conjunto con LALCEC.<\/p>\n\n\n\n<p>Asimismo, en Rafaela el s\u00e1bado 15, en el Club Atl\u00e9tico de Rafaela junto con LALCEC se realizar\u00e1 una charla a la Comunidad y un T\u00e9 Bingo.<\/p>\n\n\n\n<p>Y el 18 de octubre, una charla v\u00eda zoom a todos los rotarios de la provincia de Santa Fe.<\/p>\n\n\n\n<p><\/p>\n","protected":false},"excerpt":{"rendered":"<p>En el marco del mes de sensibilizaci\u00f3n de la enfermedad, destacan la importancia del diagn\u00f3stico precoz. Es la primera causa de muerte en mujeres y puede curarse. La provincia, a trav\u00e9s de la Agencia de Control de C\u00e1ncer del Ministerio de Salud, record\u00f3 la necesidad de que las mujeres y personas gestantes se realicen controles <a href=\"https:\/\/armstrongyregion.com.ar\/diario\/la-provincia-promueve-la-deteccion-temprana-del-cancer-de-mama\/\" title=\"Read more\" >&#8230;<\/a><\/p>\n","protected":false},"author":1,"featured_media":36072,"comment_status":"open","ping_status":"open","sticky":false,"template":"","format":"image","meta":{"_jetpack_memberships_contains_paid_content":false,"footnotes":"","jetpack_publicize_message":"","jetpack_publicize_feature_enabled":true,"jetpack_social_post_already_shared":true,"jetpack_social_options":{"image_generator_settings":{"template":"highway","default_image_id":0,"enabled":false},"version":2}},"categories":[8,1,2,7,4,3],"tags":[],"class_list":["post-36071","post","type-post","status-publish","format-image","has-post-thumbnail","hentry","category-deliberando","category-diario-armstrong","category-locales","category-politica","category-prevencion-salud","category-region","post_format-post-format-image"],"jetpack_publicize_connections":[],"jetpack_featured_media_url":"https:\/\/armstrongyregion.com.ar\/diario\/wp-content\/uploads\/2022\/10\/octubre-rosa-.jpg","jetpack_shortlink":"https:\/\/wp.me\/p62QDO-9nN","jetpack_sharing_enabled":true,"amp_enabled":true,"_links":{"self":[{"href":"https:\/\/armstrongyregion.com.ar\/diario\/wp-json\/wp\/v2\/posts\/36071","targetHints":{"allow":["GET"]}}],"collection":[{"href":"https:\/\/armstrongyregion.com.ar\/diario\/wp-json\/wp\/v2\/posts"}],"about":[{"href":"https:\/\/armstrongyregion.com.ar\/diario\/wp-json\/wp\/v2\/types\/post"}],"author":[{"embeddable":true,"href":"https:\/\/armstrongyregion.com.ar\/diario\/wp-json\/wp\/v2\/users\/1"}],"replies":[{"embeddable":true,"href":"https:\/\/armstrongyregion.com.ar\/diario\/wp-json\/wp\/v2\/comments?post=36071"}],"version-history":[{"count":1,"href":"https:\/\/armstrongyregion.com.ar\/diario\/wp-json\/wp\/v2\/posts\/36071\/revisions"}],"predecessor-version":[{"id":36073,"href":"https:\/\/armstrongyregion.com.ar\/diario\/wp-json\/wp\/v2\/posts\/36071\/revisions\/36073"}],"wp:featuredmedia":[{"embeddable":true,"href":"https:\/\/armstrongyregion.com.ar\/diario\/wp-json\/wp\/v2\/media\/36072"}],"wp:attachment":[{"href":"https:\/\/armstrongyregion.com.ar\/diario\/wp-json\/wp\/v2\/media?parent=36071"}],"wp:term":[{"taxonomy":"category","embeddable":true,"href":"https:\/\/armstrongyregion.com.ar\/diario\/wp-json\/wp\/v2\/categories?post=36071"},{"taxonomy":"post_tag","embeddable":true,"href":"https:\/\/armstrongyregion.com.ar\/diario\/wp-json\/wp\/v2\/tags?post=36071"}],"curies":[{"name":"wp","href":"https:\/\/api.w.org\/{rel}","templated":true}]}}