{"id":36062,"date":"2022-10-14T01:50:14","date_gmt":"2022-10-14T01:50:14","guid":{"rendered":"https:\/\/armstrongyregion.com.ar\/diario\/?p=36062"},"modified":"2022-10-14T01:50:16","modified_gmt":"2022-10-14T01:50:16","slug":"en-el-dia-de-la-madre-hay-feria-de-colores-y-sabores","status":"publish","type":"post","link":"https:\/\/armstrongyregion.com.ar\/diario\/en-el-dia-de-la-madre-hay-feria-de-colores-y-sabores\/","title":{"rendered":"En el D\u00eda de la Madre hay Feria de Colores y Sabores."},"content":{"rendered":"\n<figure class=\"wp-block-image size-large\"><img loading=\"lazy\" decoding=\"async\" width=\"575\" height=\"576\" src=\"http:\/\/armstrongyregion.com.ar\/diario\/wp-content\/uploads\/2022\/10\/feria_16_OCT_2022.jpg\" alt=\"\" class=\"wp-image-36063\" srcset=\"https:\/\/armstrongyregion.com.ar\/diario\/wp-content\/uploads\/2022\/10\/feria_16_OCT_2022.jpg 575w, https:\/\/armstrongyregion.com.ar\/diario\/wp-content\/uploads\/2022\/10\/feria_16_OCT_2022-300x300.jpg 300w, https:\/\/armstrongyregion.com.ar\/diario\/wp-content\/uploads\/2022\/10\/feria_16_OCT_2022-150x150.jpg 150w\" sizes=\"auto, (max-width: 575px) 100vw, 575px\" \/><\/figure>\n\n\n\n<p>La Municipalidad de Armstrong invita a participar de la Feria Sabores y Colores Locales que se realizar\u00e1 el domingo 16 de octubre a partir de las 15:30 hs en Plaza San Mart\u00edn, para celebrar el D\u00eda de la Madre.<\/p>\n\n\n\n<p>Diferentes propuestas de emprendedores de nuestra ciudad y la regi\u00f3n quienes ponen a disposici\u00f3n del p\u00fablico toda su creatividad y originalidad, mientras el p\u00fablico apoya la econom\u00eda social.<\/p>\n\n\n\n<p>Como siempre, habr\u00e1 m\u00fasica con DJ Gamal, servicio de buffet a cargo de los emprendedores, agua caliente, sorteos de los stands y la calle Virgen de la Merced se convertir\u00e1 en calle recreativa.<\/p>\n\n\n\n<p>Se suspende en caso de lluvia.<\/p>\n","protected":false},"excerpt":{"rendered":"<p>La Municipalidad de Armstrong invita a participar de la Feria Sabores y Colores Locales que se realizar\u00e1 el domingo 16 de octubre a partir de las 15:30 hs en Plaza San Mart\u00edn, para celebrar el D\u00eda de la Madre. Diferentes propuestas de emprendedores de nuestra ciudad y la regi\u00f3n quienes ponen a disposici\u00f3n del p\u00fablico <a href=\"https:\/\/armstrongyregion.com.ar\/diario\/en-el-dia-de-la-madre-hay-feria-de-colores-y-sabores\/\" title=\"Read more\" >&#8230;<\/a><\/p>\n","protected":false},"author":1,"featured_media":36063,"comment_status":"open","ping_status":"open","sticky":false,"template":"","format":"image","meta":{"_jetpack_memberships_contains_paid_content":false,"footnotes":"","jetpack_publicize_message":"","jetpack_publicize_feature_enabled":true,"jetpack_social_post_already_shared":true,"jetpack_social_options":{"image_generator_settings":{"template":"highway","default_image_id":0,"enabled":false},"version":2}},"categories":[6,8,1,2,7,3],"tags":[],"class_list":["post-36062","post","type-post","status-publish","format-image","has-post-thumbnail","hentry","category-cultura-entretenimiento","category-deliberando","category-diario-armstrong","category-locales","category-politica","category-region","post_format-post-format-image"],"jetpack_publicize_connections":[],"jetpack_featured_media_url":"https:\/\/armstrongyregion.com.ar\/diario\/wp-content\/uploads\/2022\/10\/feria_16_OCT_2022.jpg","jetpack_shortlink":"https:\/\/wp.me\/p62QDO-9nE","jetpack_sharing_enabled":true,"amp_enabled":true,"_links":{"self":[{"href":"https:\/\/armstrongyregion.com.ar\/diario\/wp-json\/wp\/v2\/posts\/36062","targetHints":{"allow":["GET"]}}],"collection":[{"href":"https:\/\/armstrongyregion.com.ar\/diario\/wp-json\/wp\/v2\/posts"}],"about":[{"href":"https:\/\/armstrongyregion.com.ar\/diario\/wp-json\/wp\/v2\/types\/post"}],"author":[{"embeddable":true,"href":"https:\/\/armstrongyregion.com.ar\/diario\/wp-json\/wp\/v2\/users\/1"}],"replies":[{"embeddable":true,"href":"https:\/\/armstrongyregion.com.ar\/diario\/wp-json\/wp\/v2\/comments?post=36062"}],"version-history":[{"count":1,"href":"https:\/\/armstrongyregion.com.ar\/diario\/wp-json\/wp\/v2\/posts\/36062\/revisions"}],"predecessor-version":[{"id":36064,"href":"https:\/\/armstrongyregion.com.ar\/diario\/wp-json\/wp\/v2\/posts\/36062\/revisions\/36064"}],"wp:featuredmedia":[{"embeddable":true,"href":"https:\/\/armstrongyregion.com.ar\/diario\/wp-json\/wp\/v2\/media\/36063"}],"wp:attachment":[{"href":"https:\/\/armstrongyregion.com.ar\/diario\/wp-json\/wp\/v2\/media?parent=36062"}],"wp:term":[{"taxonomy":"category","embeddable":true,"href":"https:\/\/armstrongyregion.com.ar\/diario\/wp-json\/wp\/v2\/categories?post=36062"},{"taxonomy":"post_tag","embeddable":true,"href":"https:\/\/armstrongyregion.com.ar\/diario\/wp-json\/wp\/v2\/tags?post=36062"}],"curies":[{"name":"wp","href":"https:\/\/api.w.org\/{rel}","templated":true}]}}