{"id":36049,"date":"2022-10-13T02:41:24","date_gmt":"2022-10-13T02:41:24","guid":{"rendered":"https:\/\/armstrongyregion.com.ar\/diario\/?p=36049"},"modified":"2022-10-14T01:48:09","modified_gmt":"2022-10-14T01:48:09","slug":"gramigna-solicitamos-mayor-iluminacion-el-la-plaza-nona-rocha","status":"publish","type":"post","link":"https:\/\/armstrongyregion.com.ar\/diario\/gramigna-solicitamos-mayor-iluminacion-el-la-plaza-nona-rocha\/","title":{"rendered":"Gramigna: \u201cSolicitamos mayor iluminaci\u00f3n en la Plaza Nona Rocha\u201d."},"content":{"rendered":"\n<figure class=\"wp-block-image size-large\"><img loading=\"lazy\" decoding=\"async\" width=\"585\" height=\"368\" src=\"http:\/\/armstrongyregion.com.ar\/diario\/wp-content\/uploads\/2022\/07\/Emi-Gramigna-19-017-22-.jpg\" alt=\"\" class=\"wp-image-35157\" srcset=\"https:\/\/armstrongyregion.com.ar\/diario\/wp-content\/uploads\/2022\/07\/Emi-Gramigna-19-017-22-.jpg 585w, https:\/\/armstrongyregion.com.ar\/diario\/wp-content\/uploads\/2022\/07\/Emi-Gramigna-19-017-22--300x189.jpg 300w\" sizes=\"auto, (max-width: 585px) 100vw, 585px\" \/><\/figure>\n\n\n\n<p> El concejal Emiliano Gramigna, en di\u00e1logo con los medios locales expresaba: \u201cEn la noche de hoy presentamos un pedido para el mejoramiento de la iluminaci\u00f3n de la Plaza Nona Rocha, porque a diferencia de otras plazas, hoy es la que menos luz tiene. Pero adem\u00e1s  porque genera en todos los vecinos una situaci\u00f3n de gran inseguridad teniendo en cuenta que ahora viene la etapa mas calurosa del a\u00f1o donde mucha gente va a los espacios p\u00fablicos, a las plazas; es una lastima que todos estos lugares tengan iluminaci\u00f3n led y la Nona Rocha a\u00fan no la tenga\u201d.  <\/p>\n\n\n\n<p> Siguiendo la l\u00ednea de discurso el edil dijo: \u201cTambi\u00e9n vale la pena remarcar que dicha plaza tiene un \u00e1rea donde la claridad es nula, entonces nos hicimos eco de los pedidos de los vecinos, y presentamos este proyecto para que se mejore la iluminaci\u00f3n  y as\u00ed brindarles tranquilidad a esos vecinos\u201d<\/p>\n","protected":false},"excerpt":{"rendered":"<p>El concejal Emiliano Gramigna, en di\u00e1logo con los medios locales expresaba: \u201cEn la noche de hoy presentamos un pedido para el mejoramiento de la iluminaci\u00f3n de la Plaza Nona Rocha, porque a diferencia de otras plazas, hoy es la que menos luz tiene. Pero adem\u00e1s porque genera en todos los vecinos una situaci\u00f3n de gran <a href=\"https:\/\/armstrongyregion.com.ar\/diario\/gramigna-solicitamos-mayor-iluminacion-el-la-plaza-nona-rocha\/\" title=\"Read more\" >&#8230;<\/a><\/p>\n","protected":false},"author":1,"featured_media":35157,"comment_status":"open","ping_status":"open","sticky":false,"template":"","format":"image","meta":{"_jetpack_memberships_contains_paid_content":false,"footnotes":"","jetpack_publicize_message":"","jetpack_publicize_feature_enabled":true,"jetpack_social_post_already_shared":true,"jetpack_social_options":{"image_generator_settings":{"template":"highway","default_image_id":0,"enabled":false},"version":2}},"categories":[8,1,2,7,3],"tags":[],"class_list":["post-36049","post","type-post","status-publish","format-image","has-post-thumbnail","hentry","category-deliberando","category-diario-armstrong","category-locales","category-politica","category-region","post_format-post-format-image"],"jetpack_publicize_connections":[],"jetpack_featured_media_url":"https:\/\/armstrongyregion.com.ar\/diario\/wp-content\/uploads\/2022\/07\/Emi-Gramigna-19-017-22-.jpg","jetpack_shortlink":"https:\/\/wp.me\/p62QDO-9nr","jetpack_sharing_enabled":true,"amp_enabled":true,"_links":{"self":[{"href":"https:\/\/armstrongyregion.com.ar\/diario\/wp-json\/wp\/v2\/posts\/36049","targetHints":{"allow":["GET"]}}],"collection":[{"href":"https:\/\/armstrongyregion.com.ar\/diario\/wp-json\/wp\/v2\/posts"}],"about":[{"href":"https:\/\/armstrongyregion.com.ar\/diario\/wp-json\/wp\/v2\/types\/post"}],"author":[{"embeddable":true,"href":"https:\/\/armstrongyregion.com.ar\/diario\/wp-json\/wp\/v2\/users\/1"}],"replies":[{"embeddable":true,"href":"https:\/\/armstrongyregion.com.ar\/diario\/wp-json\/wp\/v2\/comments?post=36049"}],"version-history":[{"count":3,"href":"https:\/\/armstrongyregion.com.ar\/diario\/wp-json\/wp\/v2\/posts\/36049\/revisions"}],"predecessor-version":[{"id":36061,"href":"https:\/\/armstrongyregion.com.ar\/diario\/wp-json\/wp\/v2\/posts\/36049\/revisions\/36061"}],"wp:featuredmedia":[{"embeddable":true,"href":"https:\/\/armstrongyregion.com.ar\/diario\/wp-json\/wp\/v2\/media\/35157"}],"wp:attachment":[{"href":"https:\/\/armstrongyregion.com.ar\/diario\/wp-json\/wp\/v2\/media?parent=36049"}],"wp:term":[{"taxonomy":"category","embeddable":true,"href":"https:\/\/armstrongyregion.com.ar\/diario\/wp-json\/wp\/v2\/categories?post=36049"},{"taxonomy":"post_tag","embeddable":true,"href":"https:\/\/armstrongyregion.com.ar\/diario\/wp-json\/wp\/v2\/tags?post=36049"}],"curies":[{"name":"wp","href":"https:\/\/api.w.org\/{rel}","templated":true}]}}