{"id":36030,"date":"2022-10-12T00:20:41","date_gmt":"2022-10-12T00:20:41","guid":{"rendered":"https:\/\/armstrongyregion.com.ar\/diario\/?p=36030"},"modified":"2022-10-12T00:20:43","modified_gmt":"2022-10-12T00:20:43","slug":"rasetto-se-lanza-como-candidato-a-gobernador","status":"publish","type":"post","link":"https:\/\/armstrongyregion.com.ar\/diario\/rasetto-se-lanza-como-candidato-a-gobernador\/","title":{"rendered":"Rasetto se lanza como candidato a Gobernador."},"content":{"rendered":"\n<figure class=\"wp-block-image size-large\"><img loading=\"lazy\" decoding=\"async\" width=\"1024\" height=\"683\" src=\"http:\/\/armstrongyregion.com.ar\/diario\/wp-content\/uploads\/2016\/11\/DSC_0245-1024x683.jpg\" alt=\"Hugo-Rasetto-\" class=\"wp-image-10748\" srcset=\"https:\/\/armstrongyregion.com.ar\/diario\/wp-content\/uploads\/2016\/11\/DSC_0245-1024x683.jpg 1024w, https:\/\/armstrongyregion.com.ar\/diario\/wp-content\/uploads\/2016\/11\/DSC_0245-300x200.jpg 300w\" sizes=\"auto, (max-width: 1024px) 100vw, 1024px\" \/><figcaption> El senador por el Departamento Iriondo comienza a caminar la provincia con intenciones de llegar a la Casa Gris <\/figcaption><\/figure>\n\n\n\n<p>El senador Hugo Jes\u00fas Rasetto anunci\u00f3, a los medios convocados a la Casa del Senado, su lanzamiento como candidato a Gobernador de Santa Fe.&nbsp;<em>\u201cHace un largo tiempo que he pensado en tomar esta decisi\u00f3n y hoy ustedes son los primeros en enterarse<\/em>\u201d, dijo.<\/p>\n\n\n\n<p>Al ser consultado sobre cu\u00e1l ser\u00eda el partido por el que ser\u00eda candidato, Rasetto record\u00f3 a la prensa que \u00e9l integra el partido Radical y las alianzas que \u00e9ste tiene en la provincia.\u00a0<em>\u201cEstamos plenamente dispuestos a construir una propuesta para la gente. Pienso en cada uno de los nombres de todos los santafesinos para compartir momentos y lograr conformar, entre todos, las soluciones a los<\/em>\u00a0<em>problemas de los ciudadanos santafesinos\u201d.<\/em><\/p>\n\n\n\n<p><em>\u201cLa Alianza tiene que ser con los santafesinos<\/em>\u201d, manifest\u00f3 al ser consultado sobre que partidos podr\u00edan estar en el armado de la lista. Los medios recibimos de su mano una tarjeta que dice: Jes\u00fas Rasetto en tonalidades azules, Gobernador en negro, sobre un fondo blanco. Como lo hizo cuando gan\u00f3 las elecciones a senador, dijo que comienza una marcha, puerta por puerta, ciudad por ciudad, departamento por departamento.<\/p>\n\n\n\n<p><em>\u201cHay una necesidad de empat\u00eda con la ciudadan\u00eda, de andar por el llano, de entender y comprender cu\u00e1les son los problemas cotidianos de cada uno de los ciudadanos. Entiendo que tengo la fortaleza, la convicci\u00f3n, el sue\u00f1o de andar por esos caminos conjuntamente con los ciudadanos santafesinos para trabajar en la resoluci\u00f3n de sus problemas\u201d.<\/em><\/p>\n\n\n\n<p>Fuente: Redacci\u00f3n En el Recinto.<\/p>\n","protected":false},"excerpt":{"rendered":"<p>El senador Hugo Jes\u00fas Rasetto anunci\u00f3, a los medios convocados a la Casa del Senado, su lanzamiento como candidato a Gobernador de Santa Fe.&nbsp;\u201cHace un largo tiempo que he pensado en tomar esta decisi\u00f3n y hoy ustedes son los primeros en enterarse\u201d, dijo. Al ser consultado sobre cu\u00e1l ser\u00eda el partido por el que ser\u00eda <a href=\"https:\/\/armstrongyregion.com.ar\/diario\/rasetto-se-lanza-como-candidato-a-gobernador\/\" title=\"Read more\" >&#8230;<\/a><\/p>\n","protected":false},"author":1,"featured_media":10748,"comment_status":"open","ping_status":"open","sticky":false,"template":"","format":"image","meta":{"_jetpack_memberships_contains_paid_content":false,"footnotes":"","jetpack_publicize_message":"","jetpack_publicize_feature_enabled":true,"jetpack_social_post_already_shared":true,"jetpack_social_options":{"image_generator_settings":{"template":"highway","default_image_id":0,"enabled":false},"version":2}},"categories":[8,1,2,7,3],"tags":[],"class_list":["post-36030","post","type-post","status-publish","format-image","has-post-thumbnail","hentry","category-deliberando","category-diario-armstrong","category-locales","category-politica","category-region","post_format-post-format-image"],"jetpack_publicize_connections":[],"jetpack_featured_media_url":"https:\/\/armstrongyregion.com.ar\/diario\/wp-content\/uploads\/2016\/11\/DSC_0245.jpg","jetpack_shortlink":"https:\/\/wp.me\/p62QDO-9n8","jetpack_sharing_enabled":true,"amp_enabled":true,"_links":{"self":[{"href":"https:\/\/armstrongyregion.com.ar\/diario\/wp-json\/wp\/v2\/posts\/36030","targetHints":{"allow":["GET"]}}],"collection":[{"href":"https:\/\/armstrongyregion.com.ar\/diario\/wp-json\/wp\/v2\/posts"}],"about":[{"href":"https:\/\/armstrongyregion.com.ar\/diario\/wp-json\/wp\/v2\/types\/post"}],"author":[{"embeddable":true,"href":"https:\/\/armstrongyregion.com.ar\/diario\/wp-json\/wp\/v2\/users\/1"}],"replies":[{"embeddable":true,"href":"https:\/\/armstrongyregion.com.ar\/diario\/wp-json\/wp\/v2\/comments?post=36030"}],"version-history":[{"count":1,"href":"https:\/\/armstrongyregion.com.ar\/diario\/wp-json\/wp\/v2\/posts\/36030\/revisions"}],"predecessor-version":[{"id":36031,"href":"https:\/\/armstrongyregion.com.ar\/diario\/wp-json\/wp\/v2\/posts\/36030\/revisions\/36031"}],"wp:featuredmedia":[{"embeddable":true,"href":"https:\/\/armstrongyregion.com.ar\/diario\/wp-json\/wp\/v2\/media\/10748"}],"wp:attachment":[{"href":"https:\/\/armstrongyregion.com.ar\/diario\/wp-json\/wp\/v2\/media?parent=36030"}],"wp:term":[{"taxonomy":"category","embeddable":true,"href":"https:\/\/armstrongyregion.com.ar\/diario\/wp-json\/wp\/v2\/categories?post=36030"},{"taxonomy":"post_tag","embeddable":true,"href":"https:\/\/armstrongyregion.com.ar\/diario\/wp-json\/wp\/v2\/tags?post=36030"}],"curies":[{"name":"wp","href":"https:\/\/api.w.org\/{rel}","templated":true}]}}