{"id":35979,"date":"2022-10-03T23:04:25","date_gmt":"2022-10-03T23:04:25","guid":{"rendered":"https:\/\/armstrongyregion.com.ar\/diario\/?p=35979"},"modified":"2022-10-03T23:04:27","modified_gmt":"2022-10-03T23:04:27","slug":"banda-q-mania-en-city-center-y-feria-de-colectividades-de-armstrong","status":"publish","type":"post","link":"https:\/\/armstrongyregion.com.ar\/diario\/banda-q-mania-en-city-center-y-feria-de-colectividades-de-armstrong\/","title":{"rendered":"Banda Q Man\u00eda en City Center y Feria de Colectividades de Armstrong."},"content":{"rendered":"\n<figure class=\"wp-block-image size-large\"><img loading=\"lazy\" decoding=\"async\" width=\"800\" height=\"445\" src=\"http:\/\/armstrongyregion.com.ar\/diario\/wp-content\/uploads\/2022\/10\/que-mania-.jpg\" alt=\"\" class=\"wp-image-35980\" srcset=\"https:\/\/armstrongyregion.com.ar\/diario\/wp-content\/uploads\/2022\/10\/que-mania-.jpg 800w, https:\/\/armstrongyregion.com.ar\/diario\/wp-content\/uploads\/2022\/10\/que-mania--300x167.jpg 300w, https:\/\/armstrongyregion.com.ar\/diario\/wp-content\/uploads\/2022\/10\/que-mania--768x427.jpg 768w\" sizes=\"auto, (max-width: 800px) 100vw, 800px\" \/><\/figure>\n\n\n\n<p>En la ma\u00f1ana del lunes 3 de octubre visitaron nuestra radio Nacho Ferrero y Mauro Lescano, ambos integrantes de la excelente banda Q Mania que estar\u00e1n haciendo su presentaci\u00f3n el d\u00eda 8 de octubre en City Center de Rosario y el d\u00eda 9 de octubre cerrando la Feria de Colectividades en la ciudad de Armstrong.<\/p>\n\n\n\n<figure class=\"wp-block-image size-large\"><img loading=\"lazy\" decoding=\"async\" width=\"640\" height=\"640\" src=\"http:\/\/armstrongyregion.com.ar\/diario\/wp-content\/uploads\/2022\/10\/que-mania-2-.jpg\" alt=\"\" class=\"wp-image-35981\" srcset=\"https:\/\/armstrongyregion.com.ar\/diario\/wp-content\/uploads\/2022\/10\/que-mania-2-.jpg 640w, https:\/\/armstrongyregion.com.ar\/diario\/wp-content\/uploads\/2022\/10\/que-mania-2--300x300.jpg 300w, https:\/\/armstrongyregion.com.ar\/diario\/wp-content\/uploads\/2022\/10\/que-mania-2--150x150.jpg 150w\" sizes=\"auto, (max-width: 640px) 100vw, 640px\" \/><\/figure>\n\n\n\n<figure class=\"wp-block-image size-large\"><img loading=\"lazy\" decoding=\"async\" width=\"720\" height=\"1280\" src=\"https:\/\/i0.wp.com\/armstrongyregion.com.ar\/diario\/wp-content\/uploads\/2022\/10\/que-mania-3-.jpg?fit=576%2C1024&amp;ssl=1\" alt=\"\" class=\"wp-image-35982\" srcset=\"https:\/\/armstrongyregion.com.ar\/diario\/wp-content\/uploads\/2022\/10\/que-mania-3-.jpg 720w, https:\/\/armstrongyregion.com.ar\/diario\/wp-content\/uploads\/2022\/10\/que-mania-3--169x300.jpg 169w, https:\/\/armstrongyregion.com.ar\/diario\/wp-content\/uploads\/2022\/10\/que-mania-3--576x1024.jpg 576w\" sizes=\"auto, (max-width: 720px) 100vw, 720px\" \/><\/figure>\n\n\n\n<p>Para contrataciones 3471- 580358 seguilos en todas las redes sociales.\u00a0<\/p>\n\n\n\n<p>Fuente: FM Sol 103.1-<\/p>\n","protected":false},"excerpt":{"rendered":"<p>En la ma\u00f1ana del lunes 3 de octubre visitaron nuestra radio Nacho Ferrero y Mauro Lescano, ambos integrantes de la excelente banda Q Mania que estar\u00e1n haciendo su presentaci\u00f3n el d\u00eda 8 de octubre en City Center de Rosario y el d\u00eda 9 de octubre cerrando la Feria de Colectividades en la ciudad de Armstrong. <a href=\"https:\/\/armstrongyregion.com.ar\/diario\/banda-q-mania-en-city-center-y-feria-de-colectividades-de-armstrong\/\" title=\"Read more\" >&#8230;<\/a><\/p>\n","protected":false},"author":1,"featured_media":35980,"comment_status":"open","ping_status":"open","sticky":false,"template":"","format":"image","meta":{"_jetpack_memberships_contains_paid_content":false,"footnotes":"","jetpack_publicize_message":"","jetpack_publicize_feature_enabled":true,"jetpack_social_post_already_shared":true,"jetpack_social_options":{"image_generator_settings":{"template":"highway","default_image_id":0,"enabled":false},"version":2}},"categories":[6,8,1,2,7,3],"tags":[],"class_list":["post-35979","post","type-post","status-publish","format-image","has-post-thumbnail","hentry","category-cultura-entretenimiento","category-deliberando","category-diario-armstrong","category-locales","category-politica","category-region","post_format-post-format-image"],"jetpack_publicize_connections":[],"jetpack_featured_media_url":"https:\/\/armstrongyregion.com.ar\/diario\/wp-content\/uploads\/2022\/10\/que-mania-.jpg","jetpack_shortlink":"https:\/\/wp.me\/p62QDO-9mj","jetpack_sharing_enabled":true,"amp_enabled":true,"_links":{"self":[{"href":"https:\/\/armstrongyregion.com.ar\/diario\/wp-json\/wp\/v2\/posts\/35979","targetHints":{"allow":["GET"]}}],"collection":[{"href":"https:\/\/armstrongyregion.com.ar\/diario\/wp-json\/wp\/v2\/posts"}],"about":[{"href":"https:\/\/armstrongyregion.com.ar\/diario\/wp-json\/wp\/v2\/types\/post"}],"author":[{"embeddable":true,"href":"https:\/\/armstrongyregion.com.ar\/diario\/wp-json\/wp\/v2\/users\/1"}],"replies":[{"embeddable":true,"href":"https:\/\/armstrongyregion.com.ar\/diario\/wp-json\/wp\/v2\/comments?post=35979"}],"version-history":[{"count":1,"href":"https:\/\/armstrongyregion.com.ar\/diario\/wp-json\/wp\/v2\/posts\/35979\/revisions"}],"predecessor-version":[{"id":35983,"href":"https:\/\/armstrongyregion.com.ar\/diario\/wp-json\/wp\/v2\/posts\/35979\/revisions\/35983"}],"wp:featuredmedia":[{"embeddable":true,"href":"https:\/\/armstrongyregion.com.ar\/diario\/wp-json\/wp\/v2\/media\/35980"}],"wp:attachment":[{"href":"https:\/\/armstrongyregion.com.ar\/diario\/wp-json\/wp\/v2\/media?parent=35979"}],"wp:term":[{"taxonomy":"category","embeddable":true,"href":"https:\/\/armstrongyregion.com.ar\/diario\/wp-json\/wp\/v2\/categories?post=35979"},{"taxonomy":"post_tag","embeddable":true,"href":"https:\/\/armstrongyregion.com.ar\/diario\/wp-json\/wp\/v2\/tags?post=35979"}],"curies":[{"name":"wp","href":"https:\/\/api.w.org\/{rel}","templated":true}]}}