{"id":35976,"date":"2022-10-03T22:37:27","date_gmt":"2022-10-03T22:37:27","guid":{"rendered":"https:\/\/armstrongyregion.com.ar\/diario\/?p=35976"},"modified":"2022-10-03T22:37:30","modified_gmt":"2022-10-03T22:37:30","slug":"paritaria-docente-la-provincia-propuso-devolver-los-dias-de-paro-descontados","status":"publish","type":"post","link":"https:\/\/armstrongyregion.com.ar\/diario\/paritaria-docente-la-provincia-propuso-devolver-los-dias-de-paro-descontados\/","title":{"rendered":"Paritaria docente: la provincia propuso devolver los d\u00edas de paro descontados."},"content":{"rendered":"\n<figure class=\"wp-block-image size-large\"><img loading=\"lazy\" decoding=\"async\" width=\"800\" height=\"450\" src=\"http:\/\/armstrongyregion.com.ar\/diario\/wp-content\/uploads\/2022\/10\/docentes-en-lucha-.jpg\" alt=\"\" class=\"wp-image-35977\" srcset=\"https:\/\/armstrongyregion.com.ar\/diario\/wp-content\/uploads\/2022\/10\/docentes-en-lucha-.jpg 800w, https:\/\/armstrongyregion.com.ar\/diario\/wp-content\/uploads\/2022\/10\/docentes-en-lucha--300x169.jpg 300w, https:\/\/armstrongyregion.com.ar\/diario\/wp-content\/uploads\/2022\/10\/docentes-en-lucha--768x432.jpg 768w\" sizes=\"auto, (max-width: 800px) 100vw, 800px\" \/><figcaption> Docentes y gobierno tuvieron otra reuni\u00f3n paritaria con clima de tensi\u00f3n.\u00a0(Alan Monz\u00f3n\/Rosario3) <\/figcaption><\/figure>\n\n\n\n<h2 class=\"wp-block-heading\"> En un clima de mucha tensi\u00f3n, este lunes el gobierno provincial retom\u00f3\u00a0la negociaci\u00f3n con\u00a0Amsaf\u00e9 y ofert\u00f3 la devoluci\u00f3n de los descuentos en planilla complementaria. Tambi\u00e9n el blanqueo de sumas no remunerativas y otros puntos. El detalle <\/h2>\n\n\n\n<p> Luego de una clima de mucha tensi\u00f3n, y tras una\u00a0<strong>nueva protesta de los docentes p\u00fablicos<\/strong>, este lunes el gobierno provincial retom\u00f3 la paritaria con Amsaf\u00e9 despu\u00e9s de seis d\u00edas de paro. El encuentro finaliz\u00f3 cerca de las 18 \u2013con\u00a0un cuarto intermedio en horas de la tarde\u2013 y cerr\u00f3 con una\u00a0<strong>nueva propuesta del gobierno santafesino<\/strong>\u00a0al gremio\u00a0de maestros p\u00fablicos. <\/p>\n\n\n\n<p>Seg\u00fan explic\u00f3 el secretario general de Amsaf\u00e9, Rodrigo Alonso, en di\u00e1logo con la prensa al t\u00e9rmino del encuentro en la ciudad de Santa Fe&nbsp;el primer punto de la nueva propuesta del gobierno provincial es<strong>&nbsp;el compromiso de devolver los descuentos realizados por los d\u00edas de paro<\/strong>.<\/p>\n\n\n\n<p>\u201cEl primer punto es la&nbsp;<strong>devoluci\u00f3n de los montos&nbsp;<\/strong>descontados&nbsp;<strong>por planilla complementaria el 14 de octubre&nbsp;<\/strong>con la incoporaci\u00f3n del&nbsp;<strong>aumento del 12 por ciento de aumento extra para septiembre<\/strong>\u201d, detall\u00f3 el dirigente gremial.<\/p>\n\n\n\n<p>Adem\u00e1s, dijo que la oferta tambi\u00e9n se compromete a&nbsp;<strong>no descontar las 6 jornadas de paro de septiembre<\/strong>&nbsp;y un blanqueo en octubre de sumas no remunarativas del salario que terminar\u00e1n impactando en el total de bolsillo.<\/p>\n\n\n\n<p>Finalmente, el gobierno se compromete a<strong>&nbsp;retomar la discusi\u00f3n salarial el 1\u00ba de diciembre<\/strong>&nbsp;y a una convocatoria a concursos de cargos de direcci\u00f3n como la incorporaci\u00f3n de tareas vacantes, seg\u00fan detall\u00f3 Alonso desde la ciudad de Santa Fe.<\/p>\n\n\n\n<p>Ahora el gremio&nbsp;<strong>Amsaf\u00e9 deber\u00e1 definir si acepta la nueva propuesta<\/strong>&nbsp;del gobierno santafesino luego de la tensi\u00f3n generada por las medidas de fuerza y los descuentos de los d\u00edas de paro.<\/p>\n\n\n\n<h2 class=\"wp-block-heading\">Qu\u00e9 dijo Cantero antes del encuentro.<\/h2>\n\n\n\n<p><br><strong>\u201cVamos con toda la predisposici\u00f3n para acercar posiciones\u201d<\/strong>, sostuvo Cantero en contacto con el programa\u00a0<em>Radi\u00f3polis<\/em>\u00a0(Radio 2) temprano en la\u00a0ma\u00f1ana. Record\u00f3 que la oferta salarial se mantiene: \u201cEs la propuesta que est\u00e1 cobrando el 90 por ciento de los trabajadores de la Provincia\u201d.<\/p>\n\n\n\n<p><strong>La oferta en cuesti\u00f3n supone un 77% de aumento para todo el a\u00f1o<\/strong>: a lo acordado en marzo se sumaba un 31% en tres partes, 20% en septiembre, 7% en octubre y noviembre, y un posterior 5% en diciembre cuando volver\u00e1n a sentarse de nuevo.<\/p>\n\n\n\n<p>Adem\u00e1s, Cantero destac\u00f3 que los docentes cuentan tambi\u00e9n con el Boleto Educativo Gratuito, extensiones horarias y titularizaci\u00f3n de horas c\u00e1tedras que suman a los sueldos y las oportunidades laborales.<\/p>\n\n\n\n<p>Para la ministra,&nbsp;<strong>\u201cAmsaf\u00e9 tiene que resolver de qu\u00e9 manera comunica a sus bases las propuestas<\/strong>&nbsp;que abordamos en las paritarias para que las pueden discutir en su integralidad\u201d. En tal sentido se\u00f1al\u00f3 porca \u00abclaridad\u00bb hacia la bases de parte de una&nbsp;dirigencia sindical \u201cirreductible\u201d;&nbsp;record\u00f3 que el rechazo a la oferta que s\u00ed aceptaron los docentes privados, los estatales y los m\u00e9dicos, fue votada con un margen muy estrecho.<\/p>\n\n\n\n<p>Critic\u00f3 tal&nbsp;<strong>\u201creacci\u00f3n desmedida, cuando uno dice que quiere sentarse en una mesa de di\u00e1logo&nbsp;<\/strong>para construir acuerdo\u201d, pero asegur\u00f3 que&nbsp;<strong>\u201cconf\u00edo en los maestros\u201d.<\/strong><\/p>\n\n\n\n<p>\u201cAlgunos dirigentes sindicales son irreductibles y no me sorprende, pero<strong>&nbsp;creo que muchos docentes han estado pensando otra cosa<\/strong>\u201d, se\u00f1al\u00f3.<\/p>\n\n\n\n<p>Consultada sobre el\u00a0<strong>descuento de los d\u00edas de paro, asegur\u00f3 \u201cque va a ser un tema de la mesa de dialogo\u201d:<\/strong>\u00a0\u201cA todos los docentes les propusimos<strong>\u00a0un modo de recuperaci\u00f3n<\/strong>\u00a0de los servicios no prestados y a cambio de esto, la devoluci\u00f3n del importe<strong>\u00a0de los d\u00edas no trabajados<\/strong>. Ya que los docentes deben estar en las escuelas hasta el 30 de diciembre (la idea es) que se dieran<strong>\u00a0clases efectivas hasta el 23<\/strong>\u201d para recuperar los contenidos no dados durante las huelgas.<\/p>\n\n\n\n<p>Por Rosario3.com<\/p>\n","protected":false},"excerpt":{"rendered":"<p>En un clima de mucha tensi\u00f3n, este lunes el gobierno provincial retom\u00f3\u00a0la negociaci\u00f3n con\u00a0Amsaf\u00e9 y ofert\u00f3 la devoluci\u00f3n de los descuentos en planilla complementaria. Tambi\u00e9n el blanqueo de sumas no remunerativas y otros puntos. El detalle Luego de una clima de mucha tensi\u00f3n, y tras una\u00a0nueva protesta de los docentes p\u00fablicos, este lunes el gobierno <a href=\"https:\/\/armstrongyregion.com.ar\/diario\/paritaria-docente-la-provincia-propuso-devolver-los-dias-de-paro-descontados\/\" title=\"Read more\" >&#8230;<\/a><\/p>\n","protected":false},"author":1,"featured_media":35977,"comment_status":"open","ping_status":"open","sticky":false,"template":"","format":"image","meta":{"_jetpack_memberships_contains_paid_content":false,"footnotes":"","jetpack_publicize_message":"","jetpack_publicize_feature_enabled":true,"jetpack_social_post_already_shared":true,"jetpack_social_options":{"image_generator_settings":{"template":"highway","default_image_id":0,"enabled":false},"version":2}},"categories":[6,8,1,2,7,3],"tags":[],"class_list":["post-35976","post","type-post","status-publish","format-image","has-post-thumbnail","hentry","category-cultura-entretenimiento","category-deliberando","category-diario-armstrong","category-locales","category-politica","category-region","post_format-post-format-image"],"jetpack_publicize_connections":[],"jetpack_featured_media_url":"https:\/\/armstrongyregion.com.ar\/diario\/wp-content\/uploads\/2022\/10\/docentes-en-lucha-.jpg","jetpack_shortlink":"https:\/\/wp.me\/p62QDO-9mg","jetpack_sharing_enabled":true,"amp_enabled":true,"_links":{"self":[{"href":"https:\/\/armstrongyregion.com.ar\/diario\/wp-json\/wp\/v2\/posts\/35976","targetHints":{"allow":["GET"]}}],"collection":[{"href":"https:\/\/armstrongyregion.com.ar\/diario\/wp-json\/wp\/v2\/posts"}],"about":[{"href":"https:\/\/armstrongyregion.com.ar\/diario\/wp-json\/wp\/v2\/types\/post"}],"author":[{"embeddable":true,"href":"https:\/\/armstrongyregion.com.ar\/diario\/wp-json\/wp\/v2\/users\/1"}],"replies":[{"embeddable":true,"href":"https:\/\/armstrongyregion.com.ar\/diario\/wp-json\/wp\/v2\/comments?post=35976"}],"version-history":[{"count":1,"href":"https:\/\/armstrongyregion.com.ar\/diario\/wp-json\/wp\/v2\/posts\/35976\/revisions"}],"predecessor-version":[{"id":35978,"href":"https:\/\/armstrongyregion.com.ar\/diario\/wp-json\/wp\/v2\/posts\/35976\/revisions\/35978"}],"wp:featuredmedia":[{"embeddable":true,"href":"https:\/\/armstrongyregion.com.ar\/diario\/wp-json\/wp\/v2\/media\/35977"}],"wp:attachment":[{"href":"https:\/\/armstrongyregion.com.ar\/diario\/wp-json\/wp\/v2\/media?parent=35976"}],"wp:term":[{"taxonomy":"category","embeddable":true,"href":"https:\/\/armstrongyregion.com.ar\/diario\/wp-json\/wp\/v2\/categories?post=35976"},{"taxonomy":"post_tag","embeddable":true,"href":"https:\/\/armstrongyregion.com.ar\/diario\/wp-json\/wp\/v2\/tags?post=35976"}],"curies":[{"name":"wp","href":"https:\/\/api.w.org\/{rel}","templated":true}]}}