{"id":35964,"date":"2022-10-01T00:08:32","date_gmt":"2022-10-01T00:08:32","guid":{"rendered":"https:\/\/armstrongyregion.com.ar\/diario\/?p=35964"},"modified":"2022-10-01T00:08:34","modified_gmt":"2022-10-01T00:08:34","slug":"las-parejas-detenido-por-abuso-sexual-a-2-menores","status":"publish","type":"post","link":"https:\/\/armstrongyregion.com.ar\/diario\/las-parejas-detenido-por-abuso-sexual-a-2-menores\/","title":{"rendered":"Las Parejas.  Detenido por abuso sexual a 2 menores."},"content":{"rendered":"\n<figure class=\"wp-block-image size-large\"><img loading=\"lazy\" decoding=\"async\" width=\"768\" height=\"513\" src=\"http:\/\/armstrongyregion.com.ar\/diario\/wp-content\/uploads\/2018\/02\/policia-las-parejas-.jpg\" alt=\"policia-las-parejas-\" class=\"wp-image-16292\" srcset=\"https:\/\/armstrongyregion.com.ar\/diario\/wp-content\/uploads\/2018\/02\/policia-las-parejas-.jpg 768w, https:\/\/armstrongyregion.com.ar\/diario\/wp-content\/uploads\/2018\/02\/policia-las-parejas--300x200.jpg 300w\" sizes=\"auto, (max-width: 768px) 100vw, 768px\" \/><\/figure>\n\n\n\n<p>El pasado 26 de Septiembre se hab\u00eda confirmado  la detenci\u00f3n de un masculino por el abuso sexual de dos menores de edad en una plaza de Las Parejas.<\/p>\n\n\n\n<p>Seg\u00fan la informaci\u00f3n que Contacto pudo corroborar, un masculino se encuentra detenido a la espera de la audiencia imputantiva y que se le dicte prisi\u00f3n preventiva.<\/p>\n\n\n\n<p>Seg\u00fan la informaci\u00f3n que Contacto pudo corroborar, un masculino se encuentra detenido a la espera de la audiencia imputantiva y que se le dicte prisi\u00f3n preventiva.<\/p>\n\n\n\n<p>El presunto caso de abuso sexual a dos menores de edad habr\u00eda sucedido el fin de semana en la plaza Bandera Argentina en el Barrio Alborada. El masculino habr\u00eda captados a los nenes hacia una zona m\u00e1s oculta del lugar; con uno habr\u00eda concretado el abuso sexual y no con el otro, que habr\u00eda escapado y notificado de la situaci\u00f3n a un familiar.&nbsp;&nbsp;<\/p>\n\n\n\n<p>El hombre fue aprehendido y trasladado a otra comisaria del departamento.<\/p>\n\n\n\n<p>Tendr\u00eda antecedentes y hab\u00eda sido condenado por un hecho de la misma \u00edndole hace aproximadamente 10 a\u00f1os.<\/p>\n\n\n\n<p>Fuente: Radio Contacto.<\/p>\n","protected":false},"excerpt":{"rendered":"<p>El pasado 26 de Septiembre se hab\u00eda confirmado la detenci\u00f3n de un masculino por el abuso sexual de dos menores de edad en una plaza de Las Parejas. Seg\u00fan la informaci\u00f3n que Contacto pudo corroborar, un masculino se encuentra detenido a la espera de la audiencia imputantiva y que se le dicte prisi\u00f3n preventiva. Seg\u00fan <a href=\"https:\/\/armstrongyregion.com.ar\/diario\/las-parejas-detenido-por-abuso-sexual-a-2-menores\/\" title=\"Read more\" >&#8230;<\/a><\/p>\n","protected":false},"author":1,"featured_media":16292,"comment_status":"open","ping_status":"open","sticky":false,"template":"","format":"image","meta":{"_jetpack_memberships_contains_paid_content":false,"footnotes":"","jetpack_publicize_message":"","jetpack_publicize_feature_enabled":true,"jetpack_social_post_already_shared":true,"jetpack_social_options":{"image_generator_settings":{"template":"highway","default_image_id":0,"enabled":false},"version":2}},"categories":[8,1,2852,3],"tags":[],"class_list":["post-35964","post","type-post","status-publish","format-image","has-post-thumbnail","hentry","category-deliberando","category-diario-armstrong","category-policiales","category-region","post_format-post-format-image"],"jetpack_publicize_connections":[],"jetpack_featured_media_url":"https:\/\/armstrongyregion.com.ar\/diario\/wp-content\/uploads\/2018\/02\/policia-las-parejas-.jpg","jetpack_shortlink":"https:\/\/wp.me\/p62QDO-9m4","jetpack_sharing_enabled":true,"amp_enabled":true,"_links":{"self":[{"href":"https:\/\/armstrongyregion.com.ar\/diario\/wp-json\/wp\/v2\/posts\/35964","targetHints":{"allow":["GET"]}}],"collection":[{"href":"https:\/\/armstrongyregion.com.ar\/diario\/wp-json\/wp\/v2\/posts"}],"about":[{"href":"https:\/\/armstrongyregion.com.ar\/diario\/wp-json\/wp\/v2\/types\/post"}],"author":[{"embeddable":true,"href":"https:\/\/armstrongyregion.com.ar\/diario\/wp-json\/wp\/v2\/users\/1"}],"replies":[{"embeddable":true,"href":"https:\/\/armstrongyregion.com.ar\/diario\/wp-json\/wp\/v2\/comments?post=35964"}],"version-history":[{"count":1,"href":"https:\/\/armstrongyregion.com.ar\/diario\/wp-json\/wp\/v2\/posts\/35964\/revisions"}],"predecessor-version":[{"id":35965,"href":"https:\/\/armstrongyregion.com.ar\/diario\/wp-json\/wp\/v2\/posts\/35964\/revisions\/35965"}],"wp:featuredmedia":[{"embeddable":true,"href":"https:\/\/armstrongyregion.com.ar\/diario\/wp-json\/wp\/v2\/media\/16292"}],"wp:attachment":[{"href":"https:\/\/armstrongyregion.com.ar\/diario\/wp-json\/wp\/v2\/media?parent=35964"}],"wp:term":[{"taxonomy":"category","embeddable":true,"href":"https:\/\/armstrongyregion.com.ar\/diario\/wp-json\/wp\/v2\/categories?post=35964"},{"taxonomy":"post_tag","embeddable":true,"href":"https:\/\/armstrongyregion.com.ar\/diario\/wp-json\/wp\/v2\/tags?post=35964"}],"curies":[{"name":"wp","href":"https:\/\/api.w.org\/{rel}","templated":true}]}}