{"id":35959,"date":"2022-09-30T22:12:11","date_gmt":"2022-09-30T22:12:11","guid":{"rendered":"https:\/\/armstrongyregion.com.ar\/diario\/?p=35959"},"modified":"2022-09-30T22:12:13","modified_gmt":"2022-09-30T22:12:13","slug":"canada-de-gomez-municipio-culmino-reconocimiento-a-instituciones-camino-al-centenario-de-la-declaratoria-de-la-ciudad","status":"publish","type":"post","link":"https:\/\/armstrongyregion.com.ar\/diario\/canada-de-gomez-municipio-culmino-reconocimiento-a-instituciones-camino-al-centenario-de-la-declaratoria-de-la-ciudad\/","title":{"rendered":"Ca\u00f1ada de G\u00f3mez. Municipio culmin\u00f3 reconocimiento a instituciones camino al centenario de la declaratoria de la ciudad."},"content":{"rendered":"\n<figure class=\"wp-block-image size-large\"><img loading=\"lazy\" decoding=\"async\" width=\"800\" height=\"450\" src=\"http:\/\/armstrongyregion.com.ar\/diario\/wp-content\/uploads\/2022\/09\/centenario-ca\u00f1ada-1-2-3-.jpg\" alt=\"\" class=\"wp-image-35960\" srcset=\"https:\/\/armstrongyregion.com.ar\/diario\/wp-content\/uploads\/2022\/09\/centenario-ca\u00f1ada-1-2-3-.jpg 800w, https:\/\/armstrongyregion.com.ar\/diario\/wp-content\/uploads\/2022\/09\/centenario-ca\u00f1ada-1-2-3--300x169.jpg 300w, https:\/\/armstrongyregion.com.ar\/diario\/wp-content\/uploads\/2022\/09\/centenario-ca\u00f1ada-1-2-3--768x432.jpg 768w\" sizes=\"auto, (max-width: 800px) 100vw, 800px\" \/><\/figure>\n\n\n\n<p>En el marco de las actividades en el camino al centenario de la declaratoria de ciudad, la gesti\u00f3n municipal complet\u00f3 el reconocimiento a instituciones, destacando la trayectoria y labor por el crecimiento de Ca\u00f1ada de G\u00f3mez.<\/p>\n\n\n\n<p>En la tarde de ayer el presidente del concejo, Marcelo Casalegno, junto al secretario de Gobierno, Juan Carlos Tocalli, y el concejal H\u00e9ctor Wytrykusz entregaron su reconocimiento a Vecinal 11 de Octubre, Consorcio Azul\/Verde, Vecinal 17 de Agosto, Vecinal 2 de Abril, Vecinal 29 de Junio, Vecinal Barrio Parque, Vecinal Barrio Quique, Vecinal Barrio Soto, Vecinal &nbsp;La Loma , Vecinal La Usina, Vecinal San Mart\u00edn, Vecinal Arroyito, Vecinal &nbsp;Barrio Dick, Vecinal Barrio Jard\u00edn La Fraternidad, Vecinal Barrio Migoni, Vecinal Beltrame, Vecinal Fanny Giordano y Vecinal San Jos\u00e9 .<\/p>\n\n\n\n<p>En tanto, tambi\u00e9n recibieron el reconocimiento las siguientes instituciones: Consejo de Pastores, Fundaci\u00f3n Nova, Hospital San Jos\u00e9 junto a Centros de Salud, Escuela Superior de Enfermer\u00eda, Centro Econ\u00f3mico, Cooperadora Policial, \u00c1rea de Investigaci\u00f3n de Violencia de G\u00e9nero, Sexual y Familiar, Asociaci\u00f3n Mutual Ferroviaria, Asociaci\u00f3n Ferroviaria &nbsp;El Tren , Consorcio de Caminos Rurales , Rotary Club, Centro de Ex Combatientes de Malvinas, Colectividad Suiza, Colectividad Sirio-Libanesa, Colectividad Marchigiana, Colectividad Espa\u00f1ola, Colectividad Italiana.<\/p>\n","protected":false},"excerpt":{"rendered":"<p>En el marco de las actividades en el camino al centenario de la declaratoria de ciudad, la gesti\u00f3n municipal complet\u00f3 el reconocimiento a instituciones, destacando la trayectoria y labor por el crecimiento de Ca\u00f1ada de G\u00f3mez. En la tarde de ayer el presidente del concejo, Marcelo Casalegno, junto al secretario de Gobierno, Juan Carlos Tocalli, <a href=\"https:\/\/armstrongyregion.com.ar\/diario\/canada-de-gomez-municipio-culmino-reconocimiento-a-instituciones-camino-al-centenario-de-la-declaratoria-de-la-ciudad\/\" title=\"Read more\" >&#8230;<\/a><\/p>\n","protected":false},"author":1,"featured_media":35960,"comment_status":"open","ping_status":"open","sticky":false,"template":"","format":"image","meta":{"_jetpack_memberships_contains_paid_content":false,"footnotes":"","jetpack_publicize_message":"","jetpack_publicize_feature_enabled":true,"jetpack_social_post_already_shared":true,"jetpack_social_options":{"image_generator_settings":{"template":"highway","default_image_id":0,"enabled":false},"version":2}},"categories":[8,1,2,7,3],"tags":[],"class_list":["post-35959","post","type-post","status-publish","format-image","has-post-thumbnail","hentry","category-deliberando","category-diario-armstrong","category-locales","category-politica","category-region","post_format-post-format-image"],"jetpack_publicize_connections":[],"jetpack_featured_media_url":"https:\/\/armstrongyregion.com.ar\/diario\/wp-content\/uploads\/2022\/09\/centenario-ca\u00f1ada-1-2-3-.jpg","jetpack_shortlink":"https:\/\/wp.me\/p62QDO-9lZ","jetpack_sharing_enabled":true,"amp_enabled":true,"_links":{"self":[{"href":"https:\/\/armstrongyregion.com.ar\/diario\/wp-json\/wp\/v2\/posts\/35959","targetHints":{"allow":["GET"]}}],"collection":[{"href":"https:\/\/armstrongyregion.com.ar\/diario\/wp-json\/wp\/v2\/posts"}],"about":[{"href":"https:\/\/armstrongyregion.com.ar\/diario\/wp-json\/wp\/v2\/types\/post"}],"author":[{"embeddable":true,"href":"https:\/\/armstrongyregion.com.ar\/diario\/wp-json\/wp\/v2\/users\/1"}],"replies":[{"embeddable":true,"href":"https:\/\/armstrongyregion.com.ar\/diario\/wp-json\/wp\/v2\/comments?post=35959"}],"version-history":[{"count":1,"href":"https:\/\/armstrongyregion.com.ar\/diario\/wp-json\/wp\/v2\/posts\/35959\/revisions"}],"predecessor-version":[{"id":35961,"href":"https:\/\/armstrongyregion.com.ar\/diario\/wp-json\/wp\/v2\/posts\/35959\/revisions\/35961"}],"wp:featuredmedia":[{"embeddable":true,"href":"https:\/\/armstrongyregion.com.ar\/diario\/wp-json\/wp\/v2\/media\/35960"}],"wp:attachment":[{"href":"https:\/\/armstrongyregion.com.ar\/diario\/wp-json\/wp\/v2\/media?parent=35959"}],"wp:term":[{"taxonomy":"category","embeddable":true,"href":"https:\/\/armstrongyregion.com.ar\/diario\/wp-json\/wp\/v2\/categories?post=35959"},{"taxonomy":"post_tag","embeddable":true,"href":"https:\/\/armstrongyregion.com.ar\/diario\/wp-json\/wp\/v2\/tags?post=35959"}],"curies":[{"name":"wp","href":"https:\/\/api.w.org\/{rel}","templated":true}]}}