{"id":35956,"date":"2022-09-30T21:29:38","date_gmt":"2022-09-30T21:29:38","guid":{"rendered":"https:\/\/armstrongyregion.com.ar\/diario\/?p=35956"},"modified":"2022-09-30T21:29:40","modified_gmt":"2022-09-30T21:29:40","slug":"huerta-familiar-santafesina-comienza-la-inscripcion-para-obtener-el-kit-de-semillas-de-la-temporada-primavera-verano","status":"publish","type":"post","link":"https:\/\/armstrongyregion.com.ar\/diario\/huerta-familiar-santafesina-comienza-la-inscripcion-para-obtener-el-kit-de-semillas-de-la-temporada-primavera-verano\/","title":{"rendered":"Huerta Familiar Santafesina: Comienza la inscripci\u00f3n para obtener el kit de semillas de la temporada primavera-verano."},"content":{"rendered":"\n<figure class=\"wp-block-image size-large\"><img loading=\"lazy\" decoding=\"async\" width=\"570\" height=\"320\" src=\"http:\/\/armstrongyregion.com.ar\/diario\/wp-content\/uploads\/2022\/09\/30-9-22-.jpg\" alt=\"\" class=\"wp-image-35957\" srcset=\"https:\/\/armstrongyregion.com.ar\/diario\/wp-content\/uploads\/2022\/09\/30-9-22-.jpg 570w, https:\/\/armstrongyregion.com.ar\/diario\/wp-content\/uploads\/2022\/09\/30-9-22--300x168.jpg 300w\" sizes=\"auto, (max-width: 570px) 100vw, 570px\" \/><\/figure>\n\n\n\n<h2 class=\"wp-block-heading\"> Inicia una nueva etapa del Programa que busca fortalecer la soberan\u00eda alimentaria y la promoci\u00f3n de h\u00e1bitos saludables en la alimentaci\u00f3n de los santafesinos y santafesinas. <\/h2>\n\n\n\n<p>El Ministerio de Producci\u00f3n, Ciencia y Tecnolog\u00eda, a trav\u00e9s de las secretar\u00edas de Agroalimentos y de Desarrollo Territorial y Arraigo, informa que se encuentra abierta la inscripci\u00f3n para obtener el kit de semillas de la temporada primavera-verano del Programa Huerta Familiar Santafesina.<\/p>\n\n\n\n<p>En esta ocasi\u00f3n, el kit contiene semillas de acelga, cebolla, lechuga, perejil, rabanito, remolacha, zanahoria y zapallito. Los cultivos seleccionados presentan h\u00e1bitos de crecimiento r\u00e1pido con adecuado perfil sanitario y contribuyen a acceder a una alimentaci\u00f3n saludable con gran aporte nutricional.<\/p>\n\n\n\n<p>Una vez concluida la instancia de inscripci\u00f3n, los d\u00edas y puntos de entrega ser\u00e1n informados a trav\u00e9s de las redes sociales oficiales del Gobierno Provincial, del Ministerio de Producci\u00f3n y del Programa, tanto en Facebook como en Instagram.<\/p>\n\n\n\n<p><br><strong>INSCRIPCIONES<\/strong><br>Aquellos interesados en recibir el kit de semillas pueden inscribirse ingresando a&nbsp;<a href=\"https:\/\/www.santafe.gov.ar\/huertafamiliar\/registrosolicitante\" target=\"_blank\" rel=\"noreferrer noopener\">https:\/\/www.santafe.gov.ar\/huertafamiliar\/registrosolicitante<\/a><\/p>\n\n\n\n<p>Por consultas o dudas, pueden visitar las redes sociales antes mencionadas o escribir a&nbsp;<a href=\"mailto:huertafamiliarsantafesina@santafe.gov.ar\" target=\"_blank\" rel=\"noreferrer noopener\">huertafamiliarsantafesina@santafe.gov.ar<\/a><\/p>\n\n\n\n<p><br><strong>PROGRAMA HUERTA FAMILIAR SANTAFESINA<\/strong><br>Es una herramienta a partir de la cual se estimula a las familias y otros actores, como escuelas y organizaciones sociales de la provincia a producir sus propios alimentos en huertas urbanas y rurales para autoconsumo.<\/p>\n\n\n\n<p>La iniciativa invita a desarrollar una actividad que involucre a todos los integrantes de la familia y que permita obtener verduras y hortalizas de manera r\u00e1pida, en espacios f\u00e1ciles de confeccionar y generando alimentos sanos y frescos, as\u00ed como un importante ahorro econ\u00f3mico.<\/p>\n\n\n\n<p>Tambi\u00e9n se invita a municipios y comunas, distintos niveles educativos y organizaciones de la agricultura familiar a suscribir convenios de colaboraci\u00f3n para la implementaci\u00f3n de huertas comunitarias en los espacios que dispongan.<br><\/p>\n","protected":false},"excerpt":{"rendered":"<p>Inicia una nueva etapa del Programa que busca fortalecer la soberan\u00eda alimentaria y la promoci\u00f3n de h\u00e1bitos saludables en la alimentaci\u00f3n de los santafesinos y santafesinas. El Ministerio de Producci\u00f3n, Ciencia y Tecnolog\u00eda, a trav\u00e9s de las secretar\u00edas de Agroalimentos y de Desarrollo Territorial y Arraigo, informa que se encuentra abierta la inscripci\u00f3n para obtener <a href=\"https:\/\/armstrongyregion.com.ar\/diario\/huerta-familiar-santafesina-comienza-la-inscripcion-para-obtener-el-kit-de-semillas-de-la-temporada-primavera-verano\/\" title=\"Read more\" >&#8230;<\/a><\/p>\n","protected":false},"author":1,"featured_media":35957,"comment_status":"open","ping_status":"open","sticky":false,"template":"","format":"image","meta":{"_jetpack_memberships_contains_paid_content":false,"footnotes":"","jetpack_publicize_message":"","jetpack_publicize_feature_enabled":true,"jetpack_social_post_already_shared":true,"jetpack_social_options":{"image_generator_settings":{"template":"highway","default_image_id":0,"enabled":false},"version":2}},"categories":[8,1,2,7,3],"tags":[],"class_list":["post-35956","post","type-post","status-publish","format-image","has-post-thumbnail","hentry","category-deliberando","category-diario-armstrong","category-locales","category-politica","category-region","post_format-post-format-image"],"jetpack_publicize_connections":[],"jetpack_featured_media_url":"https:\/\/armstrongyregion.com.ar\/diario\/wp-content\/uploads\/2022\/09\/30-9-22-.jpg","jetpack_shortlink":"https:\/\/wp.me\/p62QDO-9lW","jetpack_sharing_enabled":true,"amp_enabled":true,"_links":{"self":[{"href":"https:\/\/armstrongyregion.com.ar\/diario\/wp-json\/wp\/v2\/posts\/35956","targetHints":{"allow":["GET"]}}],"collection":[{"href":"https:\/\/armstrongyregion.com.ar\/diario\/wp-json\/wp\/v2\/posts"}],"about":[{"href":"https:\/\/armstrongyregion.com.ar\/diario\/wp-json\/wp\/v2\/types\/post"}],"author":[{"embeddable":true,"href":"https:\/\/armstrongyregion.com.ar\/diario\/wp-json\/wp\/v2\/users\/1"}],"replies":[{"embeddable":true,"href":"https:\/\/armstrongyregion.com.ar\/diario\/wp-json\/wp\/v2\/comments?post=35956"}],"version-history":[{"count":1,"href":"https:\/\/armstrongyregion.com.ar\/diario\/wp-json\/wp\/v2\/posts\/35956\/revisions"}],"predecessor-version":[{"id":35958,"href":"https:\/\/armstrongyregion.com.ar\/diario\/wp-json\/wp\/v2\/posts\/35956\/revisions\/35958"}],"wp:featuredmedia":[{"embeddable":true,"href":"https:\/\/armstrongyregion.com.ar\/diario\/wp-json\/wp\/v2\/media\/35957"}],"wp:attachment":[{"href":"https:\/\/armstrongyregion.com.ar\/diario\/wp-json\/wp\/v2\/media?parent=35956"}],"wp:term":[{"taxonomy":"category","embeddable":true,"href":"https:\/\/armstrongyregion.com.ar\/diario\/wp-json\/wp\/v2\/categories?post=35956"},{"taxonomy":"post_tag","embeddable":true,"href":"https:\/\/armstrongyregion.com.ar\/diario\/wp-json\/wp\/v2\/tags?post=35956"}],"curies":[{"name":"wp","href":"https:\/\/api.w.org\/{rel}","templated":true}]}}