{"id":3595,"date":"2015-08-14T01:51:19","date_gmt":"2015-08-14T01:51:19","guid":{"rendered":"https:\/\/armstrongyregion.com.ar\/diario\/?p=3595"},"modified":"2015-08-14T01:51:19","modified_gmt":"2015-08-14T01:51:19","slug":"las-rosas-paro-municipal-4-dia-no-hubo-acercamiento","status":"publish","type":"post","link":"https:\/\/armstrongyregion.com.ar\/diario\/las-rosas-paro-municipal-4-dia-no-hubo-acercamiento\/","title":{"rendered":"Las Rosas. Paro municipal 4\u00b0 d\u00eda: no hubo acercamiento."},"content":{"rendered":"<p><a href=\"http:\/\/armstrongyregion.com.ar\/diario\/wp-content\/uploads\/2015\/08\/convocatoriaxparo2B.jpg\"><img loading=\"lazy\" decoding=\"async\" class=\"alignnone size-medium wp-image-3596\" src=\"http:\/\/armstrongyregion.com.ar\/diario\/wp-content\/uploads\/2015\/08\/convocatoriaxparo2B-300x200.jpg\" alt=\"convocatoriaxparo-armstrong-y-region-\" width=\"300\" height=\"200\" srcset=\"https:\/\/armstrongyregion.com.ar\/diario\/wp-content\/uploads\/2015\/08\/convocatoriaxparo2B-300x200.jpg 300w, https:\/\/armstrongyregion.com.ar\/diario\/wp-content\/uploads\/2015\/08\/convocatoriaxparo2B.jpg 640w\" sizes=\"auto, (max-width: 300px) 100vw, 300px\" \/><\/a>En el d\u00eda de ayer, a partir de una convocatoria realizada por redes sociales, unas 50 personas se reunieron en la plaza Gral. Belgrano con el fin de manifestarse contra el paro del Sindicato de Trabajadores municipales de nuestra ciudad (foto). Asisti\u00f3 el intendente Adri\u00e1n Carletti junto a algunos integrantes del gabinete municipal, explicando la situaci\u00f3n actual ante las preguntas de los presentes. Seg\u00fan publica el portal Ciudadano Rosense, es decisi\u00f3n del Ejecutivo Municipal, descontar el presentismo y los d\u00edas no trabajados a todos aquellos que no se reincorporen a sus tareas.<\/p>\n<p>Por su parte Claudio G\u00f3mez, secretario general de SITraM, dijo esta ma\u00f1ana que \u00abseguir\u00e1n en la defensa de los trabajadores municipales que pretenden ingresar a la planta permanente, ya que es un derecho adquirido al estar contratados desde hace meses o a\u00f1os\u00bb. Insisti\u00f3 que no significa mayor erogaci\u00f3n ya que la municipalidad les est\u00e1 pagando sueldo, obra social y aporte jubilatorios.<\/p>\n<p>Por las posiciones que manifiesta cada parte, parece que el conflicto solo se destrabar\u00e1 con intervenci\u00f3n del Ministerio de Trabajo provincial que llame a lograr acuerdos, para conciliar intereses y retomar la normalidad laboral.<br \/>\nLas Rosas Digital.<\/p>\n","protected":false},"excerpt":{"rendered":"<p>En el d\u00eda de ayer, a partir de una convocatoria realizada por redes sociales, unas 50 personas se reunieron en la plaza Gral. Belgrano con el fin de manifestarse contra el paro del Sindicato de Trabajadores municipales de nuestra ciudad (foto). Asisti\u00f3 el intendente Adri\u00e1n Carletti junto a algunos integrantes del gabinete municipal, explicando la <a href=\"https:\/\/armstrongyregion.com.ar\/diario\/las-rosas-paro-municipal-4-dia-no-hubo-acercamiento\/\" title=\"Read more\" >&#8230;<\/a><\/p>\n","protected":false},"author":2,"featured_media":3596,"comment_status":"open","ping_status":"open","sticky":false,"template":"","format":"standard","meta":{"_jetpack_memberships_contains_paid_content":false,"footnotes":"","jetpack_publicize_message":"","jetpack_publicize_feature_enabled":true,"jetpack_social_post_already_shared":false,"jetpack_social_options":{"image_generator_settings":{"template":"highway","default_image_id":0,"enabled":false},"version":2}},"categories":[1,3],"tags":[854,2518,793,2259,23,524,96,1026,361],"class_list":["post-3595","post","type-post","status-publish","format-standard","has-post-thumbnail","hentry","category-diario-armstrong","category-region","tag-854","tag-acercamiento","tag-dia","tag-hubo","tag-las","tag-municipal","tag-no","tag-paro","tag-rosas"],"jetpack_publicize_connections":[],"jetpack_featured_media_url":"https:\/\/armstrongyregion.com.ar\/diario\/wp-content\/uploads\/2015\/08\/convocatoriaxparo2B.jpg","jetpack_shortlink":"https:\/\/wp.me\/p62QDO-VZ","jetpack_sharing_enabled":true,"amp_enabled":true,"_links":{"self":[{"href":"https:\/\/armstrongyregion.com.ar\/diario\/wp-json\/wp\/v2\/posts\/3595","targetHints":{"allow":["GET"]}}],"collection":[{"href":"https:\/\/armstrongyregion.com.ar\/diario\/wp-json\/wp\/v2\/posts"}],"about":[{"href":"https:\/\/armstrongyregion.com.ar\/diario\/wp-json\/wp\/v2\/types\/post"}],"author":[{"embeddable":true,"href":"https:\/\/armstrongyregion.com.ar\/diario\/wp-json\/wp\/v2\/users\/2"}],"replies":[{"embeddable":true,"href":"https:\/\/armstrongyregion.com.ar\/diario\/wp-json\/wp\/v2\/comments?post=3595"}],"version-history":[{"count":0,"href":"https:\/\/armstrongyregion.com.ar\/diario\/wp-json\/wp\/v2\/posts\/3595\/revisions"}],"wp:featuredmedia":[{"embeddable":true,"href":"https:\/\/armstrongyregion.com.ar\/diario\/wp-json\/wp\/v2\/media\/3596"}],"wp:attachment":[{"href":"https:\/\/armstrongyregion.com.ar\/diario\/wp-json\/wp\/v2\/media?parent=3595"}],"wp:term":[{"taxonomy":"category","embeddable":true,"href":"https:\/\/armstrongyregion.com.ar\/diario\/wp-json\/wp\/v2\/categories?post=3595"},{"taxonomy":"post_tag","embeddable":true,"href":"https:\/\/armstrongyregion.com.ar\/diario\/wp-json\/wp\/v2\/tags?post=3595"}],"curies":[{"name":"wp","href":"https:\/\/api.w.org\/{rel}","templated":true}]}}