{"id":35947,"date":"2022-09-30T00:09:03","date_gmt":"2022-09-30T00:09:03","guid":{"rendered":"https:\/\/armstrongyregion.com.ar\/diario\/?p=35947"},"modified":"2022-09-30T00:09:06","modified_gmt":"2022-09-30T00:09:06","slug":"la-provincia-inauguro-el-nuevo-edificio-de-tribunales-en-canada-de-gomez","status":"publish","type":"post","link":"https:\/\/armstrongyregion.com.ar\/diario\/la-provincia-inauguro-el-nuevo-edificio-de-tribunales-en-canada-de-gomez\/","title":{"rendered":"La provincia inaugur\u00f3 el nuevo edificio de Tribunales en Ca\u00f1ada de G\u00f3mez."},"content":{"rendered":"\n<figure class=\"wp-block-image size-large\"><img loading=\"lazy\" decoding=\"async\" width=\"570\" height=\"320\" src=\"http:\/\/armstrongyregion.com.ar\/diario\/wp-content\/uploads\/2022\/09\/tribunales-provincia-.jpg\" alt=\"\" class=\"wp-image-35948\" srcset=\"https:\/\/armstrongyregion.com.ar\/diario\/wp-content\/uploads\/2022\/09\/tribunales-provincia-.jpg 570w, https:\/\/armstrongyregion.com.ar\/diario\/wp-content\/uploads\/2022\/09\/tribunales-provincia--300x168.jpg 300w\" sizes=\"auto, (max-width: 570px) 100vw, 570px\" \/><\/figure>\n\n\n\n<h2 class=\"wp-block-heading\"> Se trata de una obra integral que concentra toda la actividad judicial de la ciudad, que se desarroll\u00f3 en una superficie cubierta total de 4.843,58 m\u00b2 y un presupuesto actualizado de 1.150.148.000 pesos. <\/h2>\n\n\n\n<p>La ministra de Gobierno, Justicia y Derechos Humanos, Celia Arena, particip\u00f3 este jueves de la inauguraci\u00f3n del nuevo edificio de Tribunales de Ca\u00f1ada de G\u00f3mez.<\/p>\n\n\n\n<p>En la oportunidad, Arena destac\u00f3 \u201cla continuidad institucional, tan trascendente. Distintos gobernadores de distintos signos pol\u00edticos comprometidos con un servicio esencial para las ciudadanas y ciudadanos: el acceso a la justicia y a los servicios de la justicia\u201d.<\/p>\n\n\n\n<p>Adem\u00e1s, la ministra tambi\u00e9n resalt\u00f3 que \u201clos tres poderes del Estado avanzando en conjunto para una respuesta clara y concreta. Para nosotros es una alegr\u00eda poder llegar a este punto final, que es la inauguraci\u00f3n de este edificio tan importante, que unifica los servicios de la justicia en un s\u00f3lo edificio\u201d.<\/p>\n\n\n\n<p>\u201cEsto tiene que ver con una convicci\u00f3n que todos compartimos y que nuestro gobernador Omar Perotti siempre manifiesta: el Estado presente y m\u00e1s cerca, el Estado en el territorio, en cada una de las localidades para que vecinos y vecinas de una regi\u00f3n no tengan que trasladarse]\u201d, enfatiz\u00f3 Arena.<\/p>\n\n\n\n<p>Por su parte, el presidente de la Corte Suprema de Justicia, Rafael Guti\u00e9rrez, destac\u00f3 \u201cla sinergia alcanzada con todos los sectores, que se viene probando en diversos planes estrat\u00e9gicos, tratados en conjunto con los distintas gestiones del Poder Ejecutivo provincial, que se han convertido en verdaderas pol\u00edticas de Estado sostenidas en el tiempo. El desarrollo transversal de estos planes es lo que permiti\u00f3 planear, dise\u00f1ar y ejecutar obras trascendentes\u201d.<\/p>\n\n\n\n<p>A continuaci\u00f3n, resalt\u00f3 \u201cel compromiso y esfuerzo encomiable de la actual gesti\u00f3n del gobernador Perotti, para avanzar en el plan de obra del anexo del del Palacio de Justicia de Santa Fe, el inicio de las obras para los tribunales de Casilda, la ampliaci\u00f3n del edificios en San Lorenzo; y nuevos edificios para el futuro Instituto M\u00e9dico Legal, para la Defensor\u00eda N\u00ba 4, y en Rafaela. En los \u00faltimos 10 a\u00f1os se llevan construidos m\u00e1s de 20.900 metros cuadrados en edificios judiciales\u201d, finaliz\u00f3.<\/p>\n\n\n\n<p>Por \u00faltimo, la intendenta de Ca\u00f1ada de G\u00f3mez, Stella Clerici, destac\u00f3 que a \u201ceste edificio van a concurrir 12 localidades, cerca de 200 mil justiciables, que van a tener un espacio digno para poder llevar adelante sus reclamos y recibir justicia\u201d; al tiempo que indic\u00f3 que \u201cesta obra se continu\u00f3 y se ejecut\u00f3 con el financiamiento del gobernador Omar Perotti. Hace 16 a\u00f1os que venimos luchando por esto, y para que se haga realidad, hubo voluntad de muchos\u201d, concluy\u00f3.<\/p>\n\n\n\n<p><strong>PRESENTES<\/strong><\/p>\n\n\n\n<p>Durante el acto, llevado a cabo en la explanada del nuevo edificio que se ubica en Bv. Balcarce 1397 de Ca\u00f1ada de G\u00f3mez, participaron tambi\u00e9n los ministros de la corte: Roberto Falistocco, Eduardo Spuler y Mario Netri; la defensora P\u00fablica, Jaqueline Balangione; el diputado nacional Dionisio Scarp\u00edn; el senador provincial por el departamento Iriondo, Hugo Rasseto; las diputadas provinciales Clara Garc\u00eda y D\u00e1maris Pacchiotti; el diputado provincial Joaqu\u00edn Blanco; entre otras autoridades provinciales y municipales.<\/p>\n\n\n\n<p><strong>DETALLES DE LA OBRA<\/strong><\/p>\n\n\n\n<p>El edificio de los nuevos Tribunales de Ca\u00f1ada de G\u00f3mez se desarroll\u00f3 en una superficie cubierta total de 4.843,58 m2. Posee una estructura de hormig\u00f3n armado independiente capaz de resistir una ampliaci\u00f3n futura del 30% en altura. El presupuesto de obra actualizado a agosto 2022 es de 1.150.148.000 pesos.<\/p>\n\n\n\n<p>Es una obra integral, concentradora de toda la actividad judicial de Ca\u00f1ada de G\u00f3mez, en la cual compartir\u00e1n espacios los juzgados de los fueros Civil y Laboral, ambos con sus respectivas Salas de Audiencias, equipadas para el caso de Juicio Oral con modernos sistemas de audio y videograbaci\u00f3n. Para los juzgados de menores y familia se han contemplado todas sus \u00e1reas anexas constitutivas, como c\u00e1maras Gessel, salas de visitas supervisadas, Asesor\u00eda de Menores y Secretar\u00eda de Violencia Familiar. Se integran adem\u00e1s la Defensor\u00eda Civil con su \u00e1rea de espera y la Fiscal\u00eda extrapenal.<\/p>\n\n\n\n<p>En lo que refiere a la Justicia Penal, se han desarrollado espacios para el funcionamiento del Sistema de Juicio Oral, con tres salas de audiencias que, al igual que las del fuero Civil, fueron equipadas con modernos sistemas de audio y videograbaci\u00f3n., Oficina de Gesti\u00f3n Judicial, con despachos para Jueces y salas de reuni\u00f3n. El inmueble contempla asimismo las \u00e1reas destinadas al Servicio P\u00fablico para la Defensa Penal y al Ministerio P\u00fablico de la Acusaci\u00f3n, completando de este modo todo el desarrollo del fuero de manera integral y contenida.<\/p>\n","protected":false},"excerpt":{"rendered":"<p>Se trata de una obra integral que concentra toda la actividad judicial de la ciudad, que se desarroll\u00f3 en una superficie cubierta total de 4.843,58 m\u00b2 y un presupuesto actualizado de 1.150.148.000 pesos. La ministra de Gobierno, Justicia y Derechos Humanos, Celia Arena, particip\u00f3 este jueves de la inauguraci\u00f3n del nuevo edificio de Tribunales de <a href=\"https:\/\/armstrongyregion.com.ar\/diario\/la-provincia-inauguro-el-nuevo-edificio-de-tribunales-en-canada-de-gomez\/\" title=\"Read more\" >&#8230;<\/a><\/p>\n","protected":false},"author":1,"featured_media":35948,"comment_status":"open","ping_status":"open","sticky":false,"template":"","format":"image","meta":{"_jetpack_memberships_contains_paid_content":false,"footnotes":"","jetpack_publicize_message":"","jetpack_publicize_feature_enabled":true,"jetpack_social_post_already_shared":true,"jetpack_social_options":{"image_generator_settings":{"template":"highway","default_image_id":0,"enabled":false},"version":2}},"categories":[8,1,2,7,3],"tags":[],"class_list":["post-35947","post","type-post","status-publish","format-image","has-post-thumbnail","hentry","category-deliberando","category-diario-armstrong","category-locales","category-politica","category-region","post_format-post-format-image"],"jetpack_publicize_connections":[],"jetpack_featured_media_url":"https:\/\/armstrongyregion.com.ar\/diario\/wp-content\/uploads\/2022\/09\/tribunales-provincia-.jpg","jetpack_shortlink":"https:\/\/wp.me\/p62QDO-9lN","jetpack_sharing_enabled":true,"amp_enabled":true,"_links":{"self":[{"href":"https:\/\/armstrongyregion.com.ar\/diario\/wp-json\/wp\/v2\/posts\/35947","targetHints":{"allow":["GET"]}}],"collection":[{"href":"https:\/\/armstrongyregion.com.ar\/diario\/wp-json\/wp\/v2\/posts"}],"about":[{"href":"https:\/\/armstrongyregion.com.ar\/diario\/wp-json\/wp\/v2\/types\/post"}],"author":[{"embeddable":true,"href":"https:\/\/armstrongyregion.com.ar\/diario\/wp-json\/wp\/v2\/users\/1"}],"replies":[{"embeddable":true,"href":"https:\/\/armstrongyregion.com.ar\/diario\/wp-json\/wp\/v2\/comments?post=35947"}],"version-history":[{"count":1,"href":"https:\/\/armstrongyregion.com.ar\/diario\/wp-json\/wp\/v2\/posts\/35947\/revisions"}],"predecessor-version":[{"id":35949,"href":"https:\/\/armstrongyregion.com.ar\/diario\/wp-json\/wp\/v2\/posts\/35947\/revisions\/35949"}],"wp:featuredmedia":[{"embeddable":true,"href":"https:\/\/armstrongyregion.com.ar\/diario\/wp-json\/wp\/v2\/media\/35948"}],"wp:attachment":[{"href":"https:\/\/armstrongyregion.com.ar\/diario\/wp-json\/wp\/v2\/media?parent=35947"}],"wp:term":[{"taxonomy":"category","embeddable":true,"href":"https:\/\/armstrongyregion.com.ar\/diario\/wp-json\/wp\/v2\/categories?post=35947"},{"taxonomy":"post_tag","embeddable":true,"href":"https:\/\/armstrongyregion.com.ar\/diario\/wp-json\/wp\/v2\/tags?post=35947"}],"curies":[{"name":"wp","href":"https:\/\/api.w.org\/{rel}","templated":true}]}}