{"id":35944,"date":"2022-09-29T21:52:21","date_gmt":"2022-09-29T21:52:21","guid":{"rendered":"https:\/\/armstrongyregion.com.ar\/diario\/?p=35944"},"modified":"2022-09-29T21:52:23","modified_gmt":"2022-09-29T21:52:23","slug":"quedo-desierta-la-licitacion-de-obras-para-la-rn-178-en-las-rosas","status":"publish","type":"post","link":"https:\/\/armstrongyregion.com.ar\/diario\/quedo-desierta-la-licitacion-de-obras-para-la-rn-178-en-las-rosas\/","title":{"rendered":"Qued\u00f3 desierta la licitaci\u00f3n de obras para la RN 178 en Las Rosas."},"content":{"rendered":"\n<figure class=\"wp-block-image size-large\"><img loading=\"lazy\" decoding=\"async\" width=\"640\" height=\"360\" src=\"http:\/\/armstrongyregion.com.ar\/diario\/wp-content\/uploads\/2022\/09\/rn_178_-_bacheo_transitabilidad_entre_villa_eloisa_y_rn_9_-_10-8-22_2.jpg\" alt=\"\" class=\"wp-image-35945\" srcset=\"https:\/\/armstrongyregion.com.ar\/diario\/wp-content\/uploads\/2022\/09\/rn_178_-_bacheo_transitabilidad_entre_villa_eloisa_y_rn_9_-_10-8-22_2.jpg 640w, https:\/\/armstrongyregion.com.ar\/diario\/wp-content\/uploads\/2022\/09\/rn_178_-_bacheo_transitabilidad_entre_villa_eloisa_y_rn_9_-_10-8-22_2-300x169.jpg 300w\" sizes=\"auto, (max-width: 640px) 100vw, 640px\" \/><\/figure>\n\n\n\n<p>Vialidad Nacional cumpli\u00f3 con la licitaci\u00f3n de obras para la recuperaci\u00f3n de la Ruta Nacional N\u00ba 178 en la traves\u00eda urbana por Las Rosas. En la compulsa de precios no hubo oferentes interesados que presentaran ofertas, pese a varias consultas realizadas dentro del sistema&nbsp;<a href=\"http:\/\/contra.ar\/\" target=\"_blank\" rel=\"noreferrer noopener\">CONTRA.AR<\/a>&nbsp;en l\u00ednea donde el proyecto estaba disponible para su visualizaci\u00f3n. El acto administrativo fue desarrollado esta ma\u00f1ana mediante el sistema&nbsp;<a href=\"http:\/\/contrat.ar\/\" target=\"_blank\" rel=\"noreferrer noopener\">CONTRAT.AR<\/a>&nbsp;(<a href=\"http:\/\/www.contratar.gob.ar\/\" target=\"_blank\" rel=\"noreferrer noopener\">www.contratar.gob.ar<\/a>), Portal Electr\u00f3nico de Contrataci\u00f3n de Obra P\u00fablica de acceso libre, y no arroj\u00f3 propuestas para evaluar. Frente a la falta de oferentes, el organismo fijar\u00e1 una nueva fecha para llevar adelante el proceso de contrataci\u00f3n de los trabajos, que estaban estimados con un valor de referencia de $ 190 millones.<\/p>\n\n\n\n<p>Los trabajos que se iban a contratar comprend\u00edan un tramo de cuatro kil\u00f3metros con el mejoramiento de la calzada en la traves\u00eda urbana de la cabecera departamental. El proyecto, elaborado por personal t\u00e9cnico del 7\u00ba Distrito Santa Fe, prescrib\u00eda el fresado de las deformaciones de la ruta, m\u00e1s el bacheo y la repavimentaci\u00f3n con una nueva carpeta de concreto asf\u00e1ltico. Estas reparaciones se iban a completar con el recalce y consolidaci\u00f3n de banquinas, m\u00e1s la demarcaci\u00f3n horizontal. Otro punto de las intervenciones inclu\u00eda el reemplazo del actual pavimento asf\u00e1ltico por losas de hormig\u00f3n en la intersecci\u00f3n con las v\u00edas del ferrocarril.\u00a0\u00a0<\/p>\n\n\n\n<p>Imagen Ilustrativa-<\/p>\n\n\n\n<p><\/p>\n","protected":false},"excerpt":{"rendered":"<p>Vialidad Nacional cumpli\u00f3 con la licitaci\u00f3n de obras para la recuperaci\u00f3n de la Ruta Nacional N\u00ba 178 en la traves\u00eda urbana por Las Rosas. En la compulsa de precios no hubo oferentes interesados que presentaran ofertas, pese a varias consultas realizadas dentro del sistema&nbsp;CONTRA.AR&nbsp;en l\u00ednea donde el proyecto estaba disponible para su visualizaci\u00f3n. El acto <a href=\"https:\/\/armstrongyregion.com.ar\/diario\/quedo-desierta-la-licitacion-de-obras-para-la-rn-178-en-las-rosas\/\" title=\"Read more\" >&#8230;<\/a><\/p>\n","protected":false},"author":1,"featured_media":35945,"comment_status":"open","ping_status":"open","sticky":false,"template":"","format":"image","meta":{"_jetpack_memberships_contains_paid_content":false,"footnotes":"","jetpack_publicize_message":"","jetpack_publicize_feature_enabled":true,"jetpack_social_post_already_shared":true,"jetpack_social_options":{"image_generator_settings":{"template":"highway","default_image_id":0,"enabled":false},"version":2}},"categories":[8,1,7,3],"tags":[],"class_list":["post-35944","post","type-post","status-publish","format-image","has-post-thumbnail","hentry","category-deliberando","category-diario-armstrong","category-politica","category-region","post_format-post-format-image"],"jetpack_publicize_connections":[],"jetpack_featured_media_url":"https:\/\/armstrongyregion.com.ar\/diario\/wp-content\/uploads\/2022\/09\/rn_178_-_bacheo_transitabilidad_entre_villa_eloisa_y_rn_9_-_10-8-22_2.jpg","jetpack_shortlink":"https:\/\/wp.me\/p62QDO-9lK","jetpack_sharing_enabled":true,"amp_enabled":true,"_links":{"self":[{"href":"https:\/\/armstrongyregion.com.ar\/diario\/wp-json\/wp\/v2\/posts\/35944","targetHints":{"allow":["GET"]}}],"collection":[{"href":"https:\/\/armstrongyregion.com.ar\/diario\/wp-json\/wp\/v2\/posts"}],"about":[{"href":"https:\/\/armstrongyregion.com.ar\/diario\/wp-json\/wp\/v2\/types\/post"}],"author":[{"embeddable":true,"href":"https:\/\/armstrongyregion.com.ar\/diario\/wp-json\/wp\/v2\/users\/1"}],"replies":[{"embeddable":true,"href":"https:\/\/armstrongyregion.com.ar\/diario\/wp-json\/wp\/v2\/comments?post=35944"}],"version-history":[{"count":1,"href":"https:\/\/armstrongyregion.com.ar\/diario\/wp-json\/wp\/v2\/posts\/35944\/revisions"}],"predecessor-version":[{"id":35946,"href":"https:\/\/armstrongyregion.com.ar\/diario\/wp-json\/wp\/v2\/posts\/35944\/revisions\/35946"}],"wp:featuredmedia":[{"embeddable":true,"href":"https:\/\/armstrongyregion.com.ar\/diario\/wp-json\/wp\/v2\/media\/35945"}],"wp:attachment":[{"href":"https:\/\/armstrongyregion.com.ar\/diario\/wp-json\/wp\/v2\/media?parent=35944"}],"wp:term":[{"taxonomy":"category","embeddable":true,"href":"https:\/\/armstrongyregion.com.ar\/diario\/wp-json\/wp\/v2\/categories?post=35944"},{"taxonomy":"post_tag","embeddable":true,"href":"https:\/\/armstrongyregion.com.ar\/diario\/wp-json\/wp\/v2\/tags?post=35944"}],"curies":[{"name":"wp","href":"https:\/\/api.w.org\/{rel}","templated":true}]}}