{"id":35936,"date":"2022-09-29T21:41:24","date_gmt":"2022-09-29T21:41:24","guid":{"rendered":"https:\/\/armstrongyregion.com.ar\/diario\/?p=35936"},"modified":"2022-09-29T21:41:26","modified_gmt":"2022-09-29T21:41:26","slug":"canada-de-gomez-clerici-participo-de-la-inauguracion-del-nuevo-edificio-de-tribunales","status":"publish","type":"post","link":"https:\/\/armstrongyregion.com.ar\/diario\/canada-de-gomez-clerici-participo-de-la-inauguracion-del-nuevo-edificio-de-tribunales\/","title":{"rendered":"Ca\u00f1ada de G\u00f3mez. Cl\u00e9rici particip\u00f3 de la inauguraci\u00f3n del nuevo edificio de tribunales."},"content":{"rendered":"\n<figure class=\"wp-block-image size-large\"><img loading=\"lazy\" decoding=\"async\" width=\"720\" height=\"493\" src=\"http:\/\/armstrongyregion.com.ar\/diario\/wp-content\/uploads\/2022\/09\/tribunales-1.jpg\" alt=\"\" class=\"wp-image-35937\" srcset=\"https:\/\/armstrongyregion.com.ar\/diario\/wp-content\/uploads\/2022\/09\/tribunales-1.jpg 720w, https:\/\/armstrongyregion.com.ar\/diario\/wp-content\/uploads\/2022\/09\/tribunales-1-300x205.jpg 300w\" sizes=\"auto, (max-width: 720px) 100vw, 720px\" \/><\/figure>\n\n\n\n<p>La intendenta Stella Cl\u00e9rici particip\u00f3 de la inauguraci\u00f3n del nuevo edificio de Tribunales, junto al presidente de la Corte Suprema de Justicia de la provincia de Santa Fe, Dr. Rafael Francisco Guti\u00e9rrez y la Ministra de Gobierno, Justicia y Derechos Humanos, Celia Arena.<\/p>\n\n\n\n<p>En su discurso Cl\u00e9rici record\u00f3 que este edificio llev\u00f3 16 a\u00f1os de trabajo y gestiones, ante la Corte y Gobierno provincial, incluyendo la cesi\u00f3n del terreno por parte del Municipio. \u201cLuego de un largo camino de trabajo y gestiones, Ca\u00f1ada tiene el edificio de Tribunales que se merece. Seguimos luchando para que se designe el personal y fiscales correspondientes, que permitan el correcto funcionamiento del Distrito Judicial N\u00ba 6\u201d, expres\u00f3.&nbsp;<\/p>\n","protected":false},"excerpt":{"rendered":"<p>La intendenta Stella Cl\u00e9rici particip\u00f3 de la inauguraci\u00f3n del nuevo edificio de Tribunales, junto al presidente de la Corte Suprema de Justicia de la provincia de Santa Fe, Dr. Rafael Francisco Guti\u00e9rrez y la Ministra de Gobierno, Justicia y Derechos Humanos, Celia Arena. En su discurso Cl\u00e9rici record\u00f3 que este edificio llev\u00f3 16 a\u00f1os de <a href=\"https:\/\/armstrongyregion.com.ar\/diario\/canada-de-gomez-clerici-participo-de-la-inauguracion-del-nuevo-edificio-de-tribunales\/\" title=\"Read more\" >&#8230;<\/a><\/p>\n","protected":false},"author":1,"featured_media":0,"comment_status":"open","ping_status":"open","sticky":false,"template":"","format":"image","meta":{"_jetpack_memberships_contains_paid_content":false,"footnotes":"","jetpack_publicize_message":"","jetpack_publicize_feature_enabled":true,"jetpack_social_post_already_shared":true,"jetpack_social_options":{"image_generator_settings":{"template":"highway","default_image_id":0,"enabled":false},"version":2}},"categories":[8,1,2,7,3],"tags":[],"class_list":["post-35936","post","type-post","status-publish","format-image","hentry","category-deliberando","category-diario-armstrong","category-locales","category-politica","category-region","post_format-post-format-image"],"jetpack_publicize_connections":[],"jetpack_featured_media_url":"","jetpack_shortlink":"https:\/\/wp.me\/p62QDO-9lC","jetpack_sharing_enabled":true,"amp_enabled":true,"_links":{"self":[{"href":"https:\/\/armstrongyregion.com.ar\/diario\/wp-json\/wp\/v2\/posts\/35936","targetHints":{"allow":["GET"]}}],"collection":[{"href":"https:\/\/armstrongyregion.com.ar\/diario\/wp-json\/wp\/v2\/posts"}],"about":[{"href":"https:\/\/armstrongyregion.com.ar\/diario\/wp-json\/wp\/v2\/types\/post"}],"author":[{"embeddable":true,"href":"https:\/\/armstrongyregion.com.ar\/diario\/wp-json\/wp\/v2\/users\/1"}],"replies":[{"embeddable":true,"href":"https:\/\/armstrongyregion.com.ar\/diario\/wp-json\/wp\/v2\/comments?post=35936"}],"version-history":[{"count":1,"href":"https:\/\/armstrongyregion.com.ar\/diario\/wp-json\/wp\/v2\/posts\/35936\/revisions"}],"predecessor-version":[{"id":35938,"href":"https:\/\/armstrongyregion.com.ar\/diario\/wp-json\/wp\/v2\/posts\/35936\/revisions\/35938"}],"wp:attachment":[{"href":"https:\/\/armstrongyregion.com.ar\/diario\/wp-json\/wp\/v2\/media?parent=35936"}],"wp:term":[{"taxonomy":"category","embeddable":true,"href":"https:\/\/armstrongyregion.com.ar\/diario\/wp-json\/wp\/v2\/categories?post=35936"},{"taxonomy":"post_tag","embeddable":true,"href":"https:\/\/armstrongyregion.com.ar\/diario\/wp-json\/wp\/v2\/tags?post=35936"}],"curies":[{"name":"wp","href":"https:\/\/api.w.org\/{rel}","templated":true}]}}