{"id":35921,"date":"2022-09-28T17:42:42","date_gmt":"2022-09-28T17:42:42","guid":{"rendered":"https:\/\/armstrongyregion.com.ar\/diario\/?p=35921"},"modified":"2022-09-28T17:47:34","modified_gmt":"2022-09-28T17:47:34","slug":"ley-de-expropiacion-la-escuela-campo-spagnolo-podra-disponer-del-inmueble-recuperado-y-las-instalaciones-en-donde-se-encuentra","status":"publish","type":"post","link":"https:\/\/armstrongyregion.com.ar\/diario\/ley-de-expropiacion-la-escuela-campo-spagnolo-podra-disponer-del-inmueble-recuperado-y-las-instalaciones-en-donde-se-encuentra\/","title":{"rendered":"Ley de Expropiaci\u00f3n. La Escuela Campo Spagnolo podr\u00e1 disponer del inmueble recuperado y las instalaciones en donde se encuentra."},"content":{"rendered":"\n<figure class=\"wp-block-image size-large\"><img loading=\"lazy\" decoding=\"async\" width=\"480\" height=\"361\" src=\"http:\/\/armstrongyregion.com.ar\/diario\/wp-content\/uploads\/2022\/09\/ley-expropiacion-1-.jpg\" alt=\"\" class=\"wp-image-35922\" srcset=\"https:\/\/armstrongyregion.com.ar\/diario\/wp-content\/uploads\/2022\/09\/ley-expropiacion-1-.jpg 480w, https:\/\/armstrongyregion.com.ar\/diario\/wp-content\/uploads\/2022\/09\/ley-expropiacion-1--300x226.jpg 300w\" sizes=\"auto, (max-width: 480px) 100vw, 480px\" \/><\/figure>\n\n\n\n<p> Ley de Expropiaci\u00f3n aprobada por la C\u00e1mara de Diputados y luego por la C\u00e1mara de Senadores.<\/p>\n\n\n\n<figure class=\"wp-block-embed-youtube wp-block-embed is-type-video is-provider-youtube wp-embed-aspect-16-9 wp-has-aspect-ratio\"><div class=\"wp-block-embed__wrapper\">\n<iframe loading=\"lazy\" title=\"Int. Pablo Verdecchia\/ Dip. Silvana Di St\u00e9fano. Ley de Expropiaci\u00f3n aprobada.\" width=\"800\" height=\"450\" src=\"https:\/\/www.youtube.com\/embed\/QvgmW5INy2w?feature=oembed\" frameborder=\"0\" allow=\"accelerometer; autoplay; clipboard-write; encrypted-media; gyroscope; picture-in-picture\" allowfullscreen><\/iframe>\n<\/div><figcaption>Nota. Int. Dr. Pablo Verdecchia\/ Dip. Silvana Di Stefano<\/figcaption><\/figure>\n\n\n\n<p>El pasado lunes 26 de septiembre, la Diputada Silvana Di Stefano, el intendente local Dr. Pablo Verdecchia, el Senador Guillermo Cornaglia, el Pte. del Concejo Prof. Alejandro Pertusati y el concejal Dr. Augusto Fischer,  se reunieron con representantes de la comunidad educativa e integrantes de la cooperadora en la escuela N\u00b0 635 Campo Spagnolo.<\/p>\n\n\n\n<figure class=\"wp-block-embed-youtube wp-block-embed is-type-video is-provider-youtube wp-embed-aspect-16-9 wp-has-aspect-ratio\"><div class=\"wp-block-embed__wrapper\">\n<iframe loading=\"lazy\" title=\"Ley de Expropiaci\u00f3n. Senador Dto. Belgrano Guillermo Cornaglia y Concejal Dr. Augusto Fischer.\" width=\"800\" height=\"450\" src=\"https:\/\/www.youtube.com\/embed\/Yj7_saTlZHM?feature=oembed\" frameborder=\"0\" allow=\"accelerometer; autoplay; clipboard-write; encrypted-media; gyroscope; picture-in-picture\" allowfullscreen><\/iframe>\n<\/div><figcaption>Entrevista Senador Guillermo Cornaglia\/ Concejal Dr. Augusto Fischer<\/figcaption><\/figure>\n\n\n\n<p>El tema de la reuni\u00f3n fue la aprobaci\u00f3n de la Ley de Expropiaci\u00f3n que presentaron las Diputadas Silvana Di Stefano y  Georgina Orciani a posteriori tambi\u00e9n se trat\u00f3 en la C\u00e1mara de Senadores donde el legislador del Dto Belgrano Guillermo Cornaglia  tuvo un rol muy importante, \u00e1vida cuenta de que se hab\u00eda reunido con los cooperadores de la instituci\u00f3n educativa y se interioriz\u00f3 e involucr\u00f3 en el tema.<\/p>\n\n\n\n<figure class=\"wp-block-image size-large\"><img loading=\"lazy\" decoding=\"async\" width=\"540\" height=\"406\" src=\"http:\/\/armstrongyregion.com.ar\/diario\/wp-content\/uploads\/2022\/09\/Ley-de-expropiaci\u00f3n-2-.jpg\" alt=\"\" class=\"wp-image-35923\" srcset=\"https:\/\/armstrongyregion.com.ar\/diario\/wp-content\/uploads\/2022\/09\/Ley-de-expropiaci\u00f3n-2-.jpg 540w, https:\/\/armstrongyregion.com.ar\/diario\/wp-content\/uploads\/2022\/09\/Ley-de-expropiaci\u00f3n-2--300x226.jpg 300w\" sizes=\"auto, (max-width: 540px) 100vw, 540px\" \/><\/figure>\n\n\n\n<p> De ahora en m\u00e1s la escuela podr\u00e1 disponer del inmueble recuperado y las instalaciones en donde se encuentra. <\/p>\n\n\n\n<figure class=\"wp-block-image size-large\"><img loading=\"lazy\" decoding=\"async\" width=\"1024\" height=\"577\" src=\"http:\/\/armstrongyregion.com.ar\/diario\/wp-content\/uploads\/2022\/09\/ley-expropiacion-3-.jpg\" alt=\"\" class=\"wp-image-35924\" srcset=\"https:\/\/armstrongyregion.com.ar\/diario\/wp-content\/uploads\/2022\/09\/ley-expropiacion-3-.jpg 1024w, https:\/\/armstrongyregion.com.ar\/diario\/wp-content\/uploads\/2022\/09\/ley-expropiacion-3--300x169.jpg 300w, https:\/\/armstrongyregion.com.ar\/diario\/wp-content\/uploads\/2022\/09\/ley-expropiacion-3--768x433.jpg 768w\" sizes=\"auto, (max-width: 1024px) 100vw, 1024px\" \/><\/figure>\n\n\n\n<p>Videos: Walter Musso\/ Cable Imagen Armstrong- Actualidad Informativa.<\/p>\n","protected":false},"excerpt":{"rendered":"<p>Ley de Expropiaci\u00f3n aprobada por la C\u00e1mara de Diputados y luego por la C\u00e1mara de Senadores. El pasado lunes 26 de septiembre, la Diputada Silvana Di Stefano, el intendente local Dr. Pablo Verdecchia, el Senador Guillermo Cornaglia, el Pte. del Concejo Prof. Alejandro Pertusati y el concejal Dr. Augusto Fischer, se reunieron con representantes de <a href=\"https:\/\/armstrongyregion.com.ar\/diario\/ley-de-expropiacion-la-escuela-campo-spagnolo-podra-disponer-del-inmueble-recuperado-y-las-instalaciones-en-donde-se-encuentra\/\" title=\"Read more\" >&#8230;<\/a><\/p>\n","protected":false},"author":1,"featured_media":35922,"comment_status":"open","ping_status":"open","sticky":false,"template":"","format":"image","meta":{"_jetpack_memberships_contains_paid_content":false,"footnotes":"","jetpack_publicize_message":"","jetpack_publicize_feature_enabled":true,"jetpack_social_post_already_shared":true,"jetpack_social_options":{"image_generator_settings":{"template":"highway","default_image_id":0,"enabled":false},"version":2}},"categories":[6,8,1,2,7,3],"tags":[],"class_list":["post-35921","post","type-post","status-publish","format-image","has-post-thumbnail","hentry","category-cultura-entretenimiento","category-deliberando","category-diario-armstrong","category-locales","category-politica","category-region","post_format-post-format-image"],"jetpack_publicize_connections":[],"jetpack_featured_media_url":"https:\/\/armstrongyregion.com.ar\/diario\/wp-content\/uploads\/2022\/09\/ley-expropiacion-1-.jpg","jetpack_shortlink":"https:\/\/wp.me\/p62QDO-9ln","jetpack_sharing_enabled":true,"amp_enabled":true,"_links":{"self":[{"href":"https:\/\/armstrongyregion.com.ar\/diario\/wp-json\/wp\/v2\/posts\/35921","targetHints":{"allow":["GET"]}}],"collection":[{"href":"https:\/\/armstrongyregion.com.ar\/diario\/wp-json\/wp\/v2\/posts"}],"about":[{"href":"https:\/\/armstrongyregion.com.ar\/diario\/wp-json\/wp\/v2\/types\/post"}],"author":[{"embeddable":true,"href":"https:\/\/armstrongyregion.com.ar\/diario\/wp-json\/wp\/v2\/users\/1"}],"replies":[{"embeddable":true,"href":"https:\/\/armstrongyregion.com.ar\/diario\/wp-json\/wp\/v2\/comments?post=35921"}],"version-history":[{"count":2,"href":"https:\/\/armstrongyregion.com.ar\/diario\/wp-json\/wp\/v2\/posts\/35921\/revisions"}],"predecessor-version":[{"id":35926,"href":"https:\/\/armstrongyregion.com.ar\/diario\/wp-json\/wp\/v2\/posts\/35921\/revisions\/35926"}],"wp:featuredmedia":[{"embeddable":true,"href":"https:\/\/armstrongyregion.com.ar\/diario\/wp-json\/wp\/v2\/media\/35922"}],"wp:attachment":[{"href":"https:\/\/armstrongyregion.com.ar\/diario\/wp-json\/wp\/v2\/media?parent=35921"}],"wp:term":[{"taxonomy":"category","embeddable":true,"href":"https:\/\/armstrongyregion.com.ar\/diario\/wp-json\/wp\/v2\/categories?post=35921"},{"taxonomy":"post_tag","embeddable":true,"href":"https:\/\/armstrongyregion.com.ar\/diario\/wp-json\/wp\/v2\/tags?post=35921"}],"curies":[{"name":"wp","href":"https:\/\/api.w.org\/{rel}","templated":true}]}}