{"id":35907,"date":"2022-09-27T02:22:46","date_gmt":"2022-09-27T02:22:46","guid":{"rendered":"https:\/\/armstrongyregion.com.ar\/diario\/?p=35907"},"modified":"2022-09-27T03:01:59","modified_gmt":"2022-09-27T03:01:59","slug":"se-inauguro-el-nuevo-ingreso-del-samco-local","status":"publish","type":"post","link":"https:\/\/armstrongyregion.com.ar\/diario\/se-inauguro-el-nuevo-ingreso-del-samco-local\/","title":{"rendered":"Se inaugur\u00f3 el nuevo ingreso del SAMCo local."},"content":{"rendered":"\n<figure class=\"wp-block-image size-large\"><img loading=\"lazy\" decoding=\"async\" width=\"414\" height=\"276\" src=\"http:\/\/armstrongyregion.com.ar\/diario\/wp-content\/uploads\/2022\/09\/samco-circo-1-.jpg\" alt=\"\" class=\"wp-image-35908\" srcset=\"https:\/\/armstrongyregion.com.ar\/diario\/wp-content\/uploads\/2022\/09\/samco-circo-1-.jpg 414w, https:\/\/armstrongyregion.com.ar\/diario\/wp-content\/uploads\/2022\/09\/samco-circo-1--300x200.jpg 300w\" sizes=\"auto, (max-width: 414px) 100vw, 414px\" \/><\/figure>\n\n\n\n<p> <em>En el acto de inauguraci\u00f3n estuvieron presentes, el intendente local Dr. Pablo Verdecchia, el senador Guillermo Cornaglia, el cuerpo deliberativo, referentes de la comisi\u00f3n, personal del hospital, instituciones y medios de comunicaci\u00f3n.<\/em><\/p>\n\n\n\n<figure class=\"wp-block-image size-large\"><img loading=\"lazy\" decoding=\"async\" width=\"414\" height=\"276\" src=\"http:\/\/armstrongyregion.com.ar\/diario\/wp-content\/uploads\/2022\/09\/samco-circo-2.jpg\" alt=\"\" class=\"wp-image-35909\" srcset=\"https:\/\/armstrongyregion.com.ar\/diario\/wp-content\/uploads\/2022\/09\/samco-circo-2.jpg 414w, https:\/\/armstrongyregion.com.ar\/diario\/wp-content\/uploads\/2022\/09\/samco-circo-2-300x200.jpg 300w\" sizes=\"auto, (max-width: 414px) 100vw, 414px\" \/><\/figure>\n\n\n\n<p><em>La Directora del SAMCo de Armstrong, Dra. Ver\u00f3nica Barone, en di\u00e1logo con los medios expresaba: \u201cEste es un sue\u00f1o cumplido, es el proyecto que tenemos pensado desde hace mucho tiempo, queremos mejorar todo el edificio y lo estamos logrando, si bien falta bastante, en esta primera  etapa culminamos  con la obra para  el ingreso de los pacientes y el de las ambulancias\u201d.<\/em><\/p>\n\n\n\n<figure class=\"wp-block-image size-large\"><img loading=\"lazy\" decoding=\"async\" width=\"427\" height=\"289\" src=\"http:\/\/armstrongyregion.com.ar\/diario\/wp-content\/uploads\/2022\/09\/samco-circo-4.jpg\" alt=\"\" class=\"wp-image-35910\" srcset=\"https:\/\/armstrongyregion.com.ar\/diario\/wp-content\/uploads\/2022\/09\/samco-circo-4.jpg 427w, https:\/\/armstrongyregion.com.ar\/diario\/wp-content\/uploads\/2022\/09\/samco-circo-4-300x203.jpg 300w\" sizes=\"auto, (max-width: 427px) 100vw, 427px\" \/><\/figure>\n\n\n\n<p><em>La funcionaria tambi\u00e9n aclar\u00f3 que todo  se realiz\u00f3 con recursos propios manejados por la comisi\u00f3n del hospital, hasta ahora el proyecto de ampliaci\u00f3n del lado oeste esta estancado porque no llegaron las partidas ni aprobaciones.<\/em><\/p>\n\n\n\n<figure class=\"wp-block-image size-large\"><img loading=\"lazy\" decoding=\"async\" width=\"512\" height=\"289\" src=\"http:\/\/armstrongyregion.com.ar\/diario\/wp-content\/uploads\/2022\/09\/samco-circo-5.jpg\" alt=\"\" class=\"wp-image-35911\" srcset=\"https:\/\/armstrongyregion.com.ar\/diario\/wp-content\/uploads\/2022\/09\/samco-circo-5.jpg 512w, https:\/\/armstrongyregion.com.ar\/diario\/wp-content\/uploads\/2022\/09\/samco-circo-5-300x169.jpg 300w\" sizes=\"auto, (max-width: 512px) 100vw, 512px\" \/><\/figure>\n\n\n\n<p><em>Por su parte el Senador del Departamento Belgrano Guillermo Cornaglia, felicit\u00f3 a todo el personal del SAMCo e hizo menci\u00f3n sobre la importancia de dicha instituci\u00f3n en uno de los momentos mas duros de la pandemia. Agradeciendo la invitaci\u00f3n al acto renov\u00f3 su compromiso de continuar acompa\u00f1ando siempre y de realizar las gestiones pertinentes para el desarrollo y el crecimiento de dicha entidad.<\/em><\/p>\n\n\n\n<figure class=\"wp-block-image size-large\"><img loading=\"lazy\" decoding=\"async\" width=\"480\" height=\"270\" src=\"http:\/\/armstrongyregion.com.ar\/diario\/wp-content\/uploads\/2022\/09\/samco-circo-6-.jpg\" alt=\"\" class=\"wp-image-35912\" srcset=\"https:\/\/armstrongyregion.com.ar\/diario\/wp-content\/uploads\/2022\/09\/samco-circo-6-.jpg 480w, https:\/\/armstrongyregion.com.ar\/diario\/wp-content\/uploads\/2022\/09\/samco-circo-6--300x169.jpg 300w\" sizes=\"auto, (max-width: 480px) 100vw, 480px\" \/><\/figure>\n\n\n\n<p><em>En\nese contexto, el intendente asegur\u00f3 que las obras concretadas no son\nun producto de la casualidad sino de la estrategia y la decisi\u00f3n de\nlos integrantes de la comisi\u00f3n y de la colaboraci\u00f3n de la comunidad\narmstronense. <\/em>\n<\/p>\n\n\n\n<p><em>A su vez, ponder\u00f3 el trabajo mancomunado que realizaron en pandemia por Covid-19, todos los profesionales, administrativos y personal en general. <\/em> <\/p>\n\n\n\n<p>En la ceremonia de  hoy,  culmin\u00f3 el proyecto \u00abHuellas de una pandemia\u00bb,  iniciativa del Eempa Gladis Palma de Croppi, Biblioteca Popular Sarmiento y Fundaci\u00f3n Bemba Color\u00e1.  La C\u00e1psula del tiempo fue enterrada en un cantero en el frente del Samco y sobre ella se descubri\u00f3 una placa alusiva. Ser\u00e1 desenterrada el 14 de Diciembre de 2082, cuando nuestra ciudad cumpla 200 a\u00f1os. <\/p>\n","protected":false},"excerpt":{"rendered":"<p>En el acto de inauguraci\u00f3n estuvieron presentes, el intendente local Dr. Pablo Verdecchia, el senador Guillermo Cornaglia, el cuerpo deliberativo, referentes de la comisi\u00f3n, personal del hospital, instituciones y medios de comunicaci\u00f3n. La Directora del SAMCo de Armstrong, Dra. Ver\u00f3nica Barone, en di\u00e1logo con los medios expresaba: \u201cEste es un sue\u00f1o cumplido, es el proyecto <a href=\"https:\/\/armstrongyregion.com.ar\/diario\/se-inauguro-el-nuevo-ingreso-del-samco-local\/\" title=\"Read more\" >&#8230;<\/a><\/p>\n","protected":false},"author":1,"featured_media":35909,"comment_status":"open","ping_status":"open","sticky":false,"template":"","format":"image","meta":{"_jetpack_memberships_contains_paid_content":false,"footnotes":"","jetpack_publicize_message":"","jetpack_publicize_feature_enabled":true,"jetpack_social_post_already_shared":true,"jetpack_social_options":{"image_generator_settings":{"template":"highway","default_image_id":0,"enabled":false},"version":2}},"categories":[8,1,2,7,3],"tags":[],"class_list":["post-35907","post","type-post","status-publish","format-image","has-post-thumbnail","hentry","category-deliberando","category-diario-armstrong","category-locales","category-politica","category-region","post_format-post-format-image"],"jetpack_publicize_connections":[],"jetpack_featured_media_url":"https:\/\/armstrongyregion.com.ar\/diario\/wp-content\/uploads\/2022\/09\/samco-circo-2.jpg","jetpack_shortlink":"https:\/\/wp.me\/p62QDO-9l9","jetpack_sharing_enabled":true,"amp_enabled":true,"_links":{"self":[{"href":"https:\/\/armstrongyregion.com.ar\/diario\/wp-json\/wp\/v2\/posts\/35907","targetHints":{"allow":["GET"]}}],"collection":[{"href":"https:\/\/armstrongyregion.com.ar\/diario\/wp-json\/wp\/v2\/posts"}],"about":[{"href":"https:\/\/armstrongyregion.com.ar\/diario\/wp-json\/wp\/v2\/types\/post"}],"author":[{"embeddable":true,"href":"https:\/\/armstrongyregion.com.ar\/diario\/wp-json\/wp\/v2\/users\/1"}],"replies":[{"embeddable":true,"href":"https:\/\/armstrongyregion.com.ar\/diario\/wp-json\/wp\/v2\/comments?post=35907"}],"version-history":[{"count":3,"href":"https:\/\/armstrongyregion.com.ar\/diario\/wp-json\/wp\/v2\/posts\/35907\/revisions"}],"predecessor-version":[{"id":35915,"href":"https:\/\/armstrongyregion.com.ar\/diario\/wp-json\/wp\/v2\/posts\/35907\/revisions\/35915"}],"wp:featuredmedia":[{"embeddable":true,"href":"https:\/\/armstrongyregion.com.ar\/diario\/wp-json\/wp\/v2\/media\/35909"}],"wp:attachment":[{"href":"https:\/\/armstrongyregion.com.ar\/diario\/wp-json\/wp\/v2\/media?parent=35907"}],"wp:term":[{"taxonomy":"category","embeddable":true,"href":"https:\/\/armstrongyregion.com.ar\/diario\/wp-json\/wp\/v2\/categories?post=35907"},{"taxonomy":"post_tag","embeddable":true,"href":"https:\/\/armstrongyregion.com.ar\/diario\/wp-json\/wp\/v2\/tags?post=35907"}],"curies":[{"name":"wp","href":"https:\/\/api.w.org\/{rel}","templated":true}]}}