{"id":35904,"date":"2022-09-27T00:32:20","date_gmt":"2022-09-27T00:32:20","guid":{"rendered":"https:\/\/armstrongyregion.com.ar\/diario\/?p=35904"},"modified":"2022-09-27T00:32:22","modified_gmt":"2022-09-27T00:32:22","slug":"armstrong-ojo-nomade-hasta-el-23-de-octubre","status":"publish","type":"post","link":"https:\/\/armstrongyregion.com.ar\/diario\/armstrong-ojo-nomade-hasta-el-23-de-octubre\/","title":{"rendered":"Armstrong. \u201cOjo N\u00f3made\u201d, hasta el 23 de octubre."},"content":{"rendered":"\n<figure class=\"wp-block-image size-large\"><img loading=\"lazy\" decoding=\"async\" width=\"675\" height=\"450\" src=\"http:\/\/armstrongyregion.com.ar\/diario\/wp-content\/uploads\/2022\/09\/muestra_1.jpg\" alt=\"\" class=\"wp-image-35905\" srcset=\"https:\/\/armstrongyregion.com.ar\/diario\/wp-content\/uploads\/2022\/09\/muestra_1.jpg 675w, https:\/\/armstrongyregion.com.ar\/diario\/wp-content\/uploads\/2022\/09\/muestra_1-300x200.jpg 300w\" sizes=\"auto, (max-width: 675px) 100vw, 675px\" \/><\/figure>\n\n\n\n<p>Desde el pasado viernes 23 de septiembre, en el Museo Hist\u00f3rico Municipal est\u00e1 habilitada la muestra \u201cOjo N\u00f3made\u201d, obra montada con trabajos realizados por los asistentes al taller de fotograf\u00eda b\u00e1sica profesional que propuso la Municipalidad de Armstrong.<\/p>\n\n\n\n<figure class=\"wp-block-image\"><img decoding=\"async\" src=\"https:\/\/www.armstrong.gov.ar\/2020\/images\/articulos2022\/muestra_2.jpg\" alt=\"muestra 2\"\/><\/figure>\n\n\n\n<p>Con la presencia de autoridades, familiares y p\u00fablico en general, se comparti\u00f3 el momento de la apertura donde se realiz\u00f3 la entrega de certificados correspondientes, de manos del Director de Cultura y Deporte Carlos Cuffia, las responsables del museo Lic. Eugenia Carnicellini y Yanina Carnevale, y quien estuvo a cargo del taller, la talentosa fot\u00f3grafa Fernanda Quir\u00f3z quien destac\u00f3 que se siente agradecida por el espacio y \u201clo bueno que los museos no sean s\u00f3lo un reservorio de patrimonio, sino que generen estas cosas, poder intervenir un espacio, recorrerlo y resignificarlo. Me parece muy importante\u201d, dijo.<\/p>\n\n\n\n<figure class=\"wp-block-image\"><img decoding=\"async\" src=\"https:\/\/www.armstrong.gov.ar\/2020\/images\/articulos2022\/muestra_3.jpg\" alt=\"muestra 3\"\/><\/figure>\n\n\n\n<p>En la oportunidad se pudo disfrutar tambi\u00e9n de la presentaci\u00f3n del m\u00fasico local Kevin Boggino y su banda.<\/p>\n\n\n\n<figure class=\"wp-block-image\"><img decoding=\"async\" src=\"https:\/\/www.armstrong.gov.ar\/2020\/images\/articulos2022\/muestra_3.1.jpg\" alt=\"muestra 3.1\"\/><\/figure>\n\n\n\n<figure class=\"wp-block-image\"><img decoding=\"async\" src=\"https:\/\/www.armstrong.gov.ar\/2020\/images\/articulos2022\/muestra_4.jpg\" alt=\"muestra 4\"\/><\/figure>\n\n\n\n<p>\u201cOjo N\u00f3made\u201d estar\u00e1 abierta al p\u00fablico hasta el domingo 23 de octubre, de martes a viernes de 8 a 13 hs., jueves y viernes de 14 a 17 hs. y los domingos por la tarde, con entrada libre y gratuita.<\/p>\n","protected":false},"excerpt":{"rendered":"<p>Desde el pasado viernes 23 de septiembre, en el Museo Hist\u00f3rico Municipal est\u00e1 habilitada la muestra \u201cOjo N\u00f3made\u201d, obra montada con trabajos realizados por los asistentes al taller de fotograf\u00eda b\u00e1sica profesional que propuso la Municipalidad de Armstrong. Con la presencia de autoridades, familiares y p\u00fablico en general, se comparti\u00f3 el momento de la apertura <a href=\"https:\/\/armstrongyregion.com.ar\/diario\/armstrong-ojo-nomade-hasta-el-23-de-octubre\/\" title=\"Read more\" >&#8230;<\/a><\/p>\n","protected":false},"author":1,"featured_media":35905,"comment_status":"open","ping_status":"open","sticky":false,"template":"","format":"image","meta":{"_jetpack_memberships_contains_paid_content":false,"footnotes":"","jetpack_publicize_message":"","jetpack_publicize_feature_enabled":true,"jetpack_social_post_already_shared":true,"jetpack_social_options":{"image_generator_settings":{"template":"highway","default_image_id":0,"enabled":false},"version":2}},"categories":[6,8,1,2,7,3],"tags":[],"class_list":["post-35904","post","type-post","status-publish","format-image","has-post-thumbnail","hentry","category-cultura-entretenimiento","category-deliberando","category-diario-armstrong","category-locales","category-politica","category-region","post_format-post-format-image"],"jetpack_publicize_connections":[],"jetpack_featured_media_url":"https:\/\/armstrongyregion.com.ar\/diario\/wp-content\/uploads\/2022\/09\/muestra_1.jpg","jetpack_shortlink":"https:\/\/wp.me\/p62QDO-9l6","jetpack_sharing_enabled":true,"amp_enabled":true,"_links":{"self":[{"href":"https:\/\/armstrongyregion.com.ar\/diario\/wp-json\/wp\/v2\/posts\/35904","targetHints":{"allow":["GET"]}}],"collection":[{"href":"https:\/\/armstrongyregion.com.ar\/diario\/wp-json\/wp\/v2\/posts"}],"about":[{"href":"https:\/\/armstrongyregion.com.ar\/diario\/wp-json\/wp\/v2\/types\/post"}],"author":[{"embeddable":true,"href":"https:\/\/armstrongyregion.com.ar\/diario\/wp-json\/wp\/v2\/users\/1"}],"replies":[{"embeddable":true,"href":"https:\/\/armstrongyregion.com.ar\/diario\/wp-json\/wp\/v2\/comments?post=35904"}],"version-history":[{"count":1,"href":"https:\/\/armstrongyregion.com.ar\/diario\/wp-json\/wp\/v2\/posts\/35904\/revisions"}],"predecessor-version":[{"id":35906,"href":"https:\/\/armstrongyregion.com.ar\/diario\/wp-json\/wp\/v2\/posts\/35904\/revisions\/35906"}],"wp:featuredmedia":[{"embeddable":true,"href":"https:\/\/armstrongyregion.com.ar\/diario\/wp-json\/wp\/v2\/media\/35905"}],"wp:attachment":[{"href":"https:\/\/armstrongyregion.com.ar\/diario\/wp-json\/wp\/v2\/media?parent=35904"}],"wp:term":[{"taxonomy":"category","embeddable":true,"href":"https:\/\/armstrongyregion.com.ar\/diario\/wp-json\/wp\/v2\/categories?post=35904"},{"taxonomy":"post_tag","embeddable":true,"href":"https:\/\/armstrongyregion.com.ar\/diario\/wp-json\/wp\/v2\/tags?post=35904"}],"curies":[{"name":"wp","href":"https:\/\/api.w.org\/{rel}","templated":true}]}}