{"id":35888,"date":"2022-09-25T23:00:34","date_gmt":"2022-09-25T23:00:34","guid":{"rendered":"https:\/\/armstrongyregion.com.ar\/diario\/?p=35888"},"modified":"2022-09-25T23:00:37","modified_gmt":"2022-09-25T23:00:37","slug":"scarpin-la-reforma-de-la-corte-del-kirchnerismo-solo-busca-impunidad","status":"publish","type":"post","link":"https:\/\/armstrongyregion.com.ar\/diario\/scarpin-la-reforma-de-la-corte-del-kirchnerismo-solo-busca-impunidad\/","title":{"rendered":"Scarpin: \u201cLa reforma de la Corte del Kirchnerismo solo busca impunidad\u201d"},"content":{"rendered":"\n<figure class=\"wp-block-image size-large\"><img loading=\"lazy\" decoding=\"async\" width=\"502\" height=\"376\" src=\"http:\/\/armstrongyregion.com.ar\/diario\/wp-content\/uploads\/2022\/09\/scarpin-25-09-22.jpg\" alt=\"\" class=\"wp-image-35889\" srcset=\"https:\/\/armstrongyregion.com.ar\/diario\/wp-content\/uploads\/2022\/09\/scarpin-25-09-22.jpg 502w, https:\/\/armstrongyregion.com.ar\/diario\/wp-content\/uploads\/2022\/09\/scarpin-25-09-22-300x225.jpg 300w\" sizes=\"auto, (max-width: 502px) 100vw, 502px\" \/><\/figure>\n\n\n\n<h2 class=\"wp-block-heading\"> <em>De esta manera se expres\u00f3 el senador nacional de Juntos por el Cambio al referirse al proyecto del Frente de Todos de ampliaci\u00f3n de miembros de la Corte Suprema de Justicia que fue aprobado este jueves. \u201cEst\u00e1 claro que quieren desviar la agenda para que los argentinos no pensemos en la inflaci\u00f3n, en la inseguridad, en los niveles de desempleo y pobreza\u201d, agreg\u00f3.<\/em> <\/h2>\n\n\n\n<h3 class=\"wp-block-heading\">El senador nacional de Juntos por el Cambio particip\u00f3 este jueves de la sesi\u00f3n donde, con 36 votos a favor y 33 en contra aprob\u00f3 el proyecto del oficialismo de ampliaci\u00f3n de los miembros de la Corte Suprema de Justicia de la Naci\u00f3n a 15 miembros. \u201cEs sorprendente que tengan una agenda tan lejana a la de los problemas de la gente. Esta iniciativa s\u00f3lo busca impunidad y desde el punto de vista&nbsp; t\u00e9cnico no tiene ning\u00fan tipo de sustento\u201d, afirm\u00f3 el legislador nacional.<br><br>En la misma l\u00ednea, Dionisio Scarpin sostuvo que el Frente de Todos pone excusas constantemente para tratar temas como el fortalecimiento de la Justicia Federal santafesina o la declaraci\u00f3n de emergencia en seguridad para Santa Fe. \u201cQueda claro que no les importa la Justicia para los argentinos y que solamente quieren tener jueces amigos que los salven de sus desmanejos y por este motivo decidimos no acompa\u00f1ar con el voto\u201d, agreg\u00f3.<br><br>Adem\u00e1s, el legislador nacional se pregunt\u00f3: \u201cPor qu\u00e9 no discutimos esta especie de chantaje que le hicieron una vez m\u00e1s al campo. Porque este gobierno siempre tuvo al campo de enemigo, pero cuando necesitan plata, porque est\u00e1n fundidos malgastando el dinero de todos los Argentinos lo van a buscar. O por qu\u00e9 no se ponen a trabajar para solucionar el tema de la importaci\u00f3n de insumos para garantizar el funcionamiento de nuestras industrias, que est\u00e1n desesperadas esperando soluciones que no llegan. Cambiemos de canal, \u00e9ste no es el canal de los 47 millones de argentinos; es solo el canal del kirchnerismo\u201d.<br><br>Por otra parte, el senador nacional habl\u00f3 de la posibilidad de di\u00e1logo que se hab\u00eda abierto cuando la oposici\u00f3n en su mayor\u00eda, repudi\u00f3 inmediatamente el atentado contra la vicepresidenta. \u201cEsa intencionalidad de di\u00e1logo qued\u00f3 dinamitada poco despu\u00e9s. Era una oportunidad que ten\u00eda la Argentina, pero a las pocas horas declaran un feriado nacional y comienzan a echarnos la culpa a la oposici\u00f3n, a la Justicia y a los medios de comunicaci\u00f3n de lo que hab\u00eda pasado. El presidente convoc\u00f3 a una mesa de di\u00e1logo, pero llam\u00f3 a los sindicatos y agrupaciones amigas; cuando en realidad deber\u00eda haber convocado a todo el arco opositor para demostrar la unidad a los argentinos. Todos esos fueron s\u00edntomas y hechos que indican que el oficialismo, el Frente de Todos, no quiere dialogar y esto de querer tener una Corte que ellos puedan manejar es romper con la idea de rep\u00fablica de la Argentina\u201d, sostuvo.<\/h3>\n","protected":false},"excerpt":{"rendered":"<p>De esta manera se expres\u00f3 el senador nacional de Juntos por el Cambio al referirse al proyecto del Frente de Todos de ampliaci\u00f3n de miembros de la Corte Suprema de Justicia que fue aprobado este jueves. \u201cEst\u00e1 claro que quieren desviar la agenda para que los argentinos no pensemos en la inflaci\u00f3n, en la inseguridad, <a href=\"https:\/\/armstrongyregion.com.ar\/diario\/scarpin-la-reforma-de-la-corte-del-kirchnerismo-solo-busca-impunidad\/\" title=\"Read more\" >&#8230;<\/a><\/p>\n","protected":false},"author":1,"featured_media":35889,"comment_status":"open","ping_status":"open","sticky":false,"template":"","format":"image","meta":{"_jetpack_memberships_contains_paid_content":false,"footnotes":"","jetpack_publicize_message":"","jetpack_publicize_feature_enabled":true,"jetpack_social_post_already_shared":true,"jetpack_social_options":{"image_generator_settings":{"template":"highway","default_image_id":0,"enabled":false},"version":2}},"categories":[8,1,2,7,3],"tags":[],"class_list":["post-35888","post","type-post","status-publish","format-image","has-post-thumbnail","hentry","category-deliberando","category-diario-armstrong","category-locales","category-politica","category-region","post_format-post-format-image"],"jetpack_publicize_connections":[],"jetpack_featured_media_url":"https:\/\/armstrongyregion.com.ar\/diario\/wp-content\/uploads\/2022\/09\/scarpin-25-09-22.jpg","jetpack_shortlink":"https:\/\/wp.me\/p62QDO-9kQ","jetpack_sharing_enabled":true,"amp_enabled":true,"_links":{"self":[{"href":"https:\/\/armstrongyregion.com.ar\/diario\/wp-json\/wp\/v2\/posts\/35888","targetHints":{"allow":["GET"]}}],"collection":[{"href":"https:\/\/armstrongyregion.com.ar\/diario\/wp-json\/wp\/v2\/posts"}],"about":[{"href":"https:\/\/armstrongyregion.com.ar\/diario\/wp-json\/wp\/v2\/types\/post"}],"author":[{"embeddable":true,"href":"https:\/\/armstrongyregion.com.ar\/diario\/wp-json\/wp\/v2\/users\/1"}],"replies":[{"embeddable":true,"href":"https:\/\/armstrongyregion.com.ar\/diario\/wp-json\/wp\/v2\/comments?post=35888"}],"version-history":[{"count":1,"href":"https:\/\/armstrongyregion.com.ar\/diario\/wp-json\/wp\/v2\/posts\/35888\/revisions"}],"predecessor-version":[{"id":35890,"href":"https:\/\/armstrongyregion.com.ar\/diario\/wp-json\/wp\/v2\/posts\/35888\/revisions\/35890"}],"wp:featuredmedia":[{"embeddable":true,"href":"https:\/\/armstrongyregion.com.ar\/diario\/wp-json\/wp\/v2\/media\/35889"}],"wp:attachment":[{"href":"https:\/\/armstrongyregion.com.ar\/diario\/wp-json\/wp\/v2\/media?parent=35888"}],"wp:term":[{"taxonomy":"category","embeddable":true,"href":"https:\/\/armstrongyregion.com.ar\/diario\/wp-json\/wp\/v2\/categories?post=35888"},{"taxonomy":"post_tag","embeddable":true,"href":"https:\/\/armstrongyregion.com.ar\/diario\/wp-json\/wp\/v2\/tags?post=35888"}],"curies":[{"name":"wp","href":"https:\/\/api.w.org\/{rel}","templated":true}]}}