{"id":35854,"date":"2022-09-21T17:05:32","date_gmt":"2022-09-21T17:05:32","guid":{"rendered":"https:\/\/armstrongyregion.com.ar\/diario\/?p=35854"},"modified":"2022-09-21T17:05:35","modified_gmt":"2022-09-21T17:05:35","slug":"armstrong-31-feria-de-las-colectividades","status":"publish","type":"post","link":"https:\/\/armstrongyregion.com.ar\/diario\/armstrong-31-feria-de-las-colectividades\/","title":{"rendered":"Armstrong. 31 Feria de las Colectividades."},"content":{"rendered":"\n<figure class=\"wp-block-image size-large\"><img loading=\"lazy\" decoding=\"async\" width=\"479\" height=\"289\" src=\"http:\/\/armstrongyregion.com.ar\/diario\/wp-content\/uploads\/2022\/09\/colectividades-1-.jpg\" alt=\"\" class=\"wp-image-35855\" srcset=\"https:\/\/armstrongyregion.com.ar\/diario\/wp-content\/uploads\/2022\/09\/colectividades-1-.jpg 479w, https:\/\/armstrongyregion.com.ar\/diario\/wp-content\/uploads\/2022\/09\/colectividades-1--300x181.jpg 300w\" sizes=\"auto, (max-width: 479px) 100vw, 479px\" \/><\/figure>\n\n\n\n<p>\nEn\nla noche del martes, se lanz\u00f3 la promoci\u00f3n de la 31\nFeria de las Colectividades. Estuvieron presentes, Directivos de la\nInstituci\u00f3n, Referentes de Asociaci\u00f3n Cooperadora de la Escuela\n262, Integrantes de las Colectividades que participaran con platos\nt\u00edpicos, Intendente Dr. Pablo Verdecchia, y\nel Senador\nDto Belgrano Guillermo Cornaglia,\n<\/p>\n\n\n\n<figure class=\"wp-block-image size-large\"><img loading=\"lazy\" decoding=\"async\" width=\"512\" height=\"289\" src=\"http:\/\/armstrongyregion.com.ar\/diario\/wp-content\/uploads\/2022\/09\/colectividades-2-.jpg\" alt=\"\" class=\"wp-image-35856\" srcset=\"https:\/\/armstrongyregion.com.ar\/diario\/wp-content\/uploads\/2022\/09\/colectividades-2-.jpg 512w, https:\/\/armstrongyregion.com.ar\/diario\/wp-content\/uploads\/2022\/09\/colectividades-2--300x169.jpg 300w\" sizes=\"auto, (max-width: 512px) 100vw, 512px\" \/><\/figure>\n\n\n\n<p> Luego de la presentaci\u00f3n del cronograma de espect\u00e1culos y de las colectividades participantes, se sumaron las alocuciones de los funcionarios reivindicando esta fiesta armstronense hoy regionalizada, el ballet de danzas Warmi nos deleit\u00f3 y anim\u00f3 con sus danzas.<br> A posteriori todos los presentes pudieron hacer una cata de los platos t\u00edpicos que engalanaran la Feria en el MHM donde el j\u00f3ven Luciano Loza present\u00f3 un numero musical.<\/p>\n\n\n\n<figure class=\"wp-block-image size-large\"><img loading=\"lazy\" decoding=\"async\" width=\"656\" height=\"542\" src=\"http:\/\/armstrongyregion.com.ar\/diario\/wp-content\/uploads\/2022\/09\/luciano-loza-.jpg\" alt=\"\" class=\"wp-image-35858\" srcset=\"https:\/\/armstrongyregion.com.ar\/diario\/wp-content\/uploads\/2022\/09\/luciano-loza-.jpg 656w, https:\/\/armstrongyregion.com.ar\/diario\/wp-content\/uploads\/2022\/09\/luciano-loza--300x248.jpg 300w\" sizes=\"auto, (max-width: 656px) 100vw, 656px\" \/><\/figure>\n\n\n\n<figure class=\"wp-block-image size-large\"><img loading=\"lazy\" decoding=\"async\" width=\"512\" height=\"289\" src=\"http:\/\/armstrongyregion.com.ar\/diario\/wp-content\/uploads\/2022\/09\/colectividades-3-.jpg\" alt=\"\" class=\"wp-image-35857\" srcset=\"https:\/\/armstrongyregion.com.ar\/diario\/wp-content\/uploads\/2022\/09\/colectividades-3-.jpg 512w, https:\/\/armstrongyregion.com.ar\/diario\/wp-content\/uploads\/2022\/09\/colectividades-3--300x169.jpg 300w\" sizes=\"auto, (max-width: 512px) 100vw, 512px\" \/><\/figure>\n\n\n\n<p> \u201cA\u00f1o tras a\u00f1o nuestra fiesta se consolid\u00f3 como un homenaje a los inmigrantes de nuestra regi\u00f3n, como un atractivo Cultural, art\u00edsticos y de ayuda para muchas escuelas, clubes, instituciones y particulares\u201d. Dijo el intendente.<br>Por su parte el Senador Cornaglia expres\u00f3:  \u201cCada fiesta permite disfrutar de la m\u00fasica, danzas, vestimentas, tradiciones, y apreciar diferentes costumbres y degustar los mejores platos de las colectividades participantes.\u00bb Reivindicando la labor de todos los cooperadores que han puesto su granito de arena durante estos 31 a\u00f1os. <\/p>\n\n\n\n<p>\nLa\n31\nEdici\u00f3n\nde Armstrong, Feria\nde Colectividades, tendr\u00e1\nlugar el Domingo 9\nde Octubre a partir de las 16hs en la Plaza San Mart\u00edn.\n<\/p>\n\n\n\n<p> Cronograma de Espect\u00e1culos.<br> <\/p>\n\n\n\n<p> 16:00Hs Acto Protocolar.<br> 16:30Hs. Baile Alumnos Escuela.<br> 18:45Hs Grupo Bemba Colora.<br> 19:05Hs April Rosario.<br> 19:20Hs Danza Cl\u00e1sica Club Norte.<br> 19:35Hs Danzas Folkl\u00f3ricas F. Maldonado.<br> 19:55Hs Ballet Arabe.<br> 20:15Hs Tributo Abel Pintos.<br> 21:00Hs Alma Flamenca..<br> 21:15Hs Cumbia.<br> 21:30hs Grupo Warmi.21:45Hs Tango. 22:00Hs Cumbia.22:15Hs Danzas Folkl\u00f3ticas F. Maldonado.<\/p>\n\n\n\n<p>22:30hs Sorteo Rifa y Mejor Stand.<\/p>\n\n\n\n<p>23:00Hs Q Man\u00eda.<\/p>\n\n\n\n<p>\n<br>\nColectividades\nParticipantes:<br>\nArgentina:\nCentro Tradicionalista El Tropero.<br>\nAustr\u00edaca:\nClub\nHurac\u00e1n.<\/p>\n\n\n\n<p>\nCubana:\nFamilia Cisneros.<br>\nEspa\u00f1ola:\nClub\nBarraca.<\/p>\n\n\n\n<p>\nE,E.U.U.Rsc.\nN| 262. Alumnos de 7mo grado.<\/p>\n\n\n\n<p>\nFriuliana:\nClub Atletico Defensores.<br>\nRegi\u00f3n\nPampeana: Familia Bogado.<br>\nSirio\nLibanesa: Club\nDefensores de F\u00fatbol Femenino.<\/p>\n\n\n\n<p>\nSueca:\nPe\u00f1a Club Boca Juniors.<br>\nVasca:\nFamilia Elorriaga. \n<\/p>\n","protected":false},"excerpt":{"rendered":"<p>En la noche del martes, se lanz\u00f3 la promoci\u00f3n de la 31 Feria de las Colectividades. Estuvieron presentes, Directivos de la Instituci\u00f3n, Referentes de Asociaci\u00f3n Cooperadora de la Escuela 262, Integrantes de las Colectividades que participaran con platos t\u00edpicos, Intendente Dr. Pablo Verdecchia, y el Senador Dto Belgrano Guillermo Cornaglia, Luego de la presentaci\u00f3n del <a href=\"https:\/\/armstrongyregion.com.ar\/diario\/armstrong-31-feria-de-las-colectividades\/\" title=\"Read more\" >&#8230;<\/a><\/p>\n","protected":false},"author":1,"featured_media":35855,"comment_status":"open","ping_status":"open","sticky":false,"template":"","format":"image","meta":{"_jetpack_memberships_contains_paid_content":false,"footnotes":"","jetpack_publicize_message":"","jetpack_publicize_feature_enabled":true,"jetpack_social_post_already_shared":true,"jetpack_social_options":{"image_generator_settings":{"template":"highway","default_image_id":0,"enabled":false},"version":2}},"categories":[8,1,2,7,3],"tags":[],"class_list":["post-35854","post","type-post","status-publish","format-image","has-post-thumbnail","hentry","category-deliberando","category-diario-armstrong","category-locales","category-politica","category-region","post_format-post-format-image"],"jetpack_publicize_connections":[],"jetpack_featured_media_url":"https:\/\/armstrongyregion.com.ar\/diario\/wp-content\/uploads\/2022\/09\/colectividades-1-.jpg","jetpack_shortlink":"https:\/\/wp.me\/p62QDO-9ki","jetpack_sharing_enabled":true,"amp_enabled":true,"_links":{"self":[{"href":"https:\/\/armstrongyregion.com.ar\/diario\/wp-json\/wp\/v2\/posts\/35854","targetHints":{"allow":["GET"]}}],"collection":[{"href":"https:\/\/armstrongyregion.com.ar\/diario\/wp-json\/wp\/v2\/posts"}],"about":[{"href":"https:\/\/armstrongyregion.com.ar\/diario\/wp-json\/wp\/v2\/types\/post"}],"author":[{"embeddable":true,"href":"https:\/\/armstrongyregion.com.ar\/diario\/wp-json\/wp\/v2\/users\/1"}],"replies":[{"embeddable":true,"href":"https:\/\/armstrongyregion.com.ar\/diario\/wp-json\/wp\/v2\/comments?post=35854"}],"version-history":[{"count":1,"href":"https:\/\/armstrongyregion.com.ar\/diario\/wp-json\/wp\/v2\/posts\/35854\/revisions"}],"predecessor-version":[{"id":35859,"href":"https:\/\/armstrongyregion.com.ar\/diario\/wp-json\/wp\/v2\/posts\/35854\/revisions\/35859"}],"wp:featuredmedia":[{"embeddable":true,"href":"https:\/\/armstrongyregion.com.ar\/diario\/wp-json\/wp\/v2\/media\/35855"}],"wp:attachment":[{"href":"https:\/\/armstrongyregion.com.ar\/diario\/wp-json\/wp\/v2\/media?parent=35854"}],"wp:term":[{"taxonomy":"category","embeddable":true,"href":"https:\/\/armstrongyregion.com.ar\/diario\/wp-json\/wp\/v2\/categories?post=35854"},{"taxonomy":"post_tag","embeddable":true,"href":"https:\/\/armstrongyregion.com.ar\/diario\/wp-json\/wp\/v2\/tags?post=35854"}],"curies":[{"name":"wp","href":"https:\/\/api.w.org\/{rel}","templated":true}]}}