{"id":35849,"date":"2022-09-21T14:29:56","date_gmt":"2022-09-21T14:29:56","guid":{"rendered":"https:\/\/armstrongyregion.com.ar\/diario\/?p=35849"},"modified":"2022-09-21T14:34:16","modified_gmt":"2022-09-21T14:34:16","slug":"celebramos-el-dia-de-las-personas-de-edad","status":"publish","type":"post","link":"https:\/\/armstrongyregion.com.ar\/diario\/celebramos-el-dia-de-las-personas-de-edad\/","title":{"rendered":"Celebramos el D\u00eda de las Personas de Edad."},"content":{"rendered":"\n<figure class=\"wp-block-image size-large\"><img loading=\"lazy\" decoding=\"async\" width=\"505\" height=\"505\" src=\"http:\/\/armstrongyregion.com.ar\/diario\/wp-content\/uploads\/2022\/09\/1_dia_de_las_personas_de_edad_2022.jpg\" alt=\"\" class=\"wp-image-35850\" srcset=\"https:\/\/armstrongyregion.com.ar\/diario\/wp-content\/uploads\/2022\/09\/1_dia_de_las_personas_de_edad_2022.jpg 505w, https:\/\/armstrongyregion.com.ar\/diario\/wp-content\/uploads\/2022\/09\/1_dia_de_las_personas_de_edad_2022-300x300.jpg 300w, https:\/\/armstrongyregion.com.ar\/diario\/wp-content\/uploads\/2022\/09\/1_dia_de_las_personas_de_edad_2022-150x150.jpg 150w\" sizes=\"auto, (max-width: 505px) 100vw, 505px\" \/><\/figure>\n\n\n\n<p>La Secretar\u00eda de Promoci\u00f3n Comunitaria de la Municipalidad de Armstrong invita a adultos mayores a participar de encuentros con diferentes tem\u00e1ticas en el marco de la celebraci\u00f3n del D\u00eda de las Personas de Edad, que se conmemora el 1 de octubre.<\/p>\n\n\n\n<figure class=\"wp-block-image size-large\"><img loading=\"lazy\" decoding=\"async\" width=\"505\" height=\"505\" src=\"http:\/\/armstrongyregion.com.ar\/diario\/wp-content\/uploads\/2022\/09\/2_dia_de_las_personas_de_edad_2022.jpg\" alt=\"\" class=\"wp-image-35852\" srcset=\"https:\/\/armstrongyregion.com.ar\/diario\/wp-content\/uploads\/2022\/09\/2_dia_de_las_personas_de_edad_2022.jpg 505w, https:\/\/armstrongyregion.com.ar\/diario\/wp-content\/uploads\/2022\/09\/2_dia_de_las_personas_de_edad_2022-300x300.jpg 300w, https:\/\/armstrongyregion.com.ar\/diario\/wp-content\/uploads\/2022\/09\/2_dia_de_las_personas_de_edad_2022-150x150.jpg 150w\" sizes=\"auto, (max-width: 505px) 100vw, 505px\" \/><\/figure>\n\n\n\n<p>Las actividades son gratuitas y se ofrecer\u00e1n seg\u00fan el siguiente programa:<\/p>\n\n\n\n<ul class=\"wp-block-list\"><li>Jueves 29 de septiembre: De 9:30 a 11 hs. Taller de salud nutricional, a cargo de la Lic. Lucrecia Pazzelli; De 16 a 17 hs. Clase de yoga y gimnasia con las Prof. Mara Braido, Silvana Vigna y Liliana Pietrani.<\/li><li>Viernes 30 de septiembre: De 16:30 a 18:30 hs. T\u00e9 y Bingo con entrega de premios, acompa\u00f1ados de tortas e infusiones.&nbsp;<\/li><li><\/li><\/ul>\n\n\n\n<p>Estas actividades se realizar\u00e1n en el sal\u00f3n de la Capilla Nuestra Se\u00f1ora de Luj\u00e1n, ubicado en calle Ecuador al 1100. Si el tiempo lo permite, la clase de yoga y gimnasia se llevar\u00e1 a cabo en el play\u00f3n Claudia y Sergio Moreale.&nbsp;<\/p>\n\n\n\n<p>Inscripciones abiertas hasta el 27 de septiembre inclusive en mesa de entrada del municipio, en la oficina de Promoci\u00f3n Comunitaria, en Biblioteca Popular Sarmiento y en los Centros de Jubilados de la ciudad.<\/p>\n\n\n\n<p>Los interesados tambi\u00e9n pueden registrarse llamando a los tel\u00e9fonos&nbsp; de Promoci\u00f3n Comunitaria 490333\/490210, o bien dirigirse directamente al lugar los d\u00edas y horarios mencionados.<\/p>\n","protected":false},"excerpt":{"rendered":"<p>La Secretar\u00eda de Promoci\u00f3n Comunitaria de la Municipalidad de Armstrong invita a adultos mayores a participar de encuentros con diferentes tem\u00e1ticas en el marco de la celebraci\u00f3n del D\u00eda de las Personas de Edad, que se conmemora el 1 de octubre. Las actividades son gratuitas y se ofrecer\u00e1n seg\u00fan el siguiente programa: Jueves 29 de <a href=\"https:\/\/armstrongyregion.com.ar\/diario\/celebramos-el-dia-de-las-personas-de-edad\/\" title=\"Read more\" >&#8230;<\/a><\/p>\n","protected":false},"author":1,"featured_media":35850,"comment_status":"open","ping_status":"open","sticky":false,"template":"","format":"image","meta":{"_jetpack_memberships_contains_paid_content":false,"footnotes":"","jetpack_publicize_message":"","jetpack_publicize_feature_enabled":true,"jetpack_social_post_already_shared":true,"jetpack_social_options":{"image_generator_settings":{"template":"highway","default_image_id":0,"enabled":false},"version":2}},"categories":[6,8,1,2,7],"tags":[],"class_list":["post-35849","post","type-post","status-publish","format-image","has-post-thumbnail","hentry","category-cultura-entretenimiento","category-deliberando","category-diario-armstrong","category-locales","category-politica","post_format-post-format-image"],"jetpack_publicize_connections":[],"jetpack_featured_media_url":"https:\/\/armstrongyregion.com.ar\/diario\/wp-content\/uploads\/2022\/09\/1_dia_de_las_personas_de_edad_2022.jpg","jetpack_shortlink":"https:\/\/wp.me\/p62QDO-9kd","jetpack_sharing_enabled":true,"amp_enabled":true,"_links":{"self":[{"href":"https:\/\/armstrongyregion.com.ar\/diario\/wp-json\/wp\/v2\/posts\/35849","targetHints":{"allow":["GET"]}}],"collection":[{"href":"https:\/\/armstrongyregion.com.ar\/diario\/wp-json\/wp\/v2\/posts"}],"about":[{"href":"https:\/\/armstrongyregion.com.ar\/diario\/wp-json\/wp\/v2\/types\/post"}],"author":[{"embeddable":true,"href":"https:\/\/armstrongyregion.com.ar\/diario\/wp-json\/wp\/v2\/users\/1"}],"replies":[{"embeddable":true,"href":"https:\/\/armstrongyregion.com.ar\/diario\/wp-json\/wp\/v2\/comments?post=35849"}],"version-history":[{"count":2,"href":"https:\/\/armstrongyregion.com.ar\/diario\/wp-json\/wp\/v2\/posts\/35849\/revisions"}],"predecessor-version":[{"id":35853,"href":"https:\/\/armstrongyregion.com.ar\/diario\/wp-json\/wp\/v2\/posts\/35849\/revisions\/35853"}],"wp:featuredmedia":[{"embeddable":true,"href":"https:\/\/armstrongyregion.com.ar\/diario\/wp-json\/wp\/v2\/media\/35850"}],"wp:attachment":[{"href":"https:\/\/armstrongyregion.com.ar\/diario\/wp-json\/wp\/v2\/media?parent=35849"}],"wp:term":[{"taxonomy":"category","embeddable":true,"href":"https:\/\/armstrongyregion.com.ar\/diario\/wp-json\/wp\/v2\/categories?post=35849"},{"taxonomy":"post_tag","embeddable":true,"href":"https:\/\/armstrongyregion.com.ar\/diario\/wp-json\/wp\/v2\/tags?post=35849"}],"curies":[{"name":"wp","href":"https:\/\/api.w.org\/{rel}","templated":true}]}}