{"id":35846,"date":"2022-09-21T14:23:56","date_gmt":"2022-09-21T14:23:56","guid":{"rendered":"https:\/\/armstrongyregion.com.ar\/diario\/?p=35846"},"modified":"2022-09-21T14:23:58","modified_gmt":"2022-09-21T14:23:58","slug":"armstrong-cultivo-agroecologico-primavera-verano","status":"publish","type":"post","link":"https:\/\/armstrongyregion.com.ar\/diario\/armstrong-cultivo-agroecologico-primavera-verano\/","title":{"rendered":"Armstrong. Cultivo agroecol\u00f3gico primavera-verano."},"content":{"rendered":"\n<figure class=\"wp-block-image size-large\"><img loading=\"lazy\" decoding=\"async\" width=\"399\" height=\"399\" src=\"http:\/\/armstrongyregion.com.ar\/diario\/wp-content\/uploads\/2022\/09\/capacitacion_huerta_primavera_verano_2022.jpg\" alt=\"\" class=\"wp-image-35847\" srcset=\"https:\/\/armstrongyregion.com.ar\/diario\/wp-content\/uploads\/2022\/09\/capacitacion_huerta_primavera_verano_2022.jpg 399w, https:\/\/armstrongyregion.com.ar\/diario\/wp-content\/uploads\/2022\/09\/capacitacion_huerta_primavera_verano_2022-300x300.jpg 300w, https:\/\/armstrongyregion.com.ar\/diario\/wp-content\/uploads\/2022\/09\/capacitacion_huerta_primavera_verano_2022-150x150.jpg 150w\" sizes=\"auto, (max-width: 399px) 100vw, 399px\" \/><\/figure>\n\n\n\n<p><\/p>\n\n\n\n<p>La Municipalidad de Armstrong junto al INTA invitan a participar de una nueva capacitaci\u00f3n gratuita sobre cultivo agroecol\u00f3gico primavera-verano que se realizar\u00e1 el d\u00eda lunes 26 de septiembre a las 19 hs. en el sal\u00f3n auditorio Delmo Dar\u00f3.<\/p>\n\n\n\n<p>Ser\u00e1 el segundo encuentro del a\u00f1o del Programa Pro Huerta y estar\u00e1 a cargo del Ing. Agr\u00f3nomo Alejandro Ceballos.&nbsp;<\/p>\n\n\n\n<p>El cultivo agroecol\u00f3gico es la biodiversidad que hay entre los diferentes cultivos y al reciclaje de nutrientes, por ello se hablar\u00e1 de los cuidados en la huerta familiar, la profundidad y distancia de siembra, cantidad de semillas, barreras insecticidas, entre otros conceptos.<\/p>\n\n\n\n<p>Se entregar\u00e1n semillas de achicoria, cal\u00e9ndula, lechuga, perejil, rabanito, r\u00facula, acelga, albahaca, berenjena, pimiento, tomate y zapallito.<\/p>\n\n\n\n<p>No es necesario tener conocimientos previos ni&nbsp; inscribirse previamente para asistir a esta capacitaci\u00f3n.<\/p>\n","protected":false},"excerpt":{"rendered":"<p>La Municipalidad de Armstrong junto al INTA invitan a participar de una nueva capacitaci\u00f3n gratuita sobre cultivo agroecol\u00f3gico primavera-verano que se realizar\u00e1 el d\u00eda lunes 26 de septiembre a las 19 hs. en el sal\u00f3n auditorio Delmo Dar\u00f3. Ser\u00e1 el segundo encuentro del a\u00f1o del Programa Pro Huerta y estar\u00e1 a cargo del Ing. Agr\u00f3nomo <a href=\"https:\/\/armstrongyregion.com.ar\/diario\/armstrong-cultivo-agroecologico-primavera-verano\/\" title=\"Read more\" >&#8230;<\/a><\/p>\n","protected":false},"author":1,"featured_media":35847,"comment_status":"open","ping_status":"open","sticky":false,"template":"","format":"image","meta":{"_jetpack_memberships_contains_paid_content":false,"footnotes":"","jetpack_publicize_message":"","jetpack_publicize_feature_enabled":true,"jetpack_social_post_already_shared":true,"jetpack_social_options":{"image_generator_settings":{"template":"highway","default_image_id":0,"enabled":false},"version":2}},"categories":[6,8,1,2,7],"tags":[],"class_list":["post-35846","post","type-post","status-publish","format-image","has-post-thumbnail","hentry","category-cultura-entretenimiento","category-deliberando","category-diario-armstrong","category-locales","category-politica","post_format-post-format-image"],"jetpack_publicize_connections":[],"jetpack_featured_media_url":"https:\/\/armstrongyregion.com.ar\/diario\/wp-content\/uploads\/2022\/09\/capacitacion_huerta_primavera_verano_2022.jpg","jetpack_shortlink":"https:\/\/wp.me\/p62QDO-9ka","jetpack_sharing_enabled":true,"amp_enabled":true,"_links":{"self":[{"href":"https:\/\/armstrongyregion.com.ar\/diario\/wp-json\/wp\/v2\/posts\/35846","targetHints":{"allow":["GET"]}}],"collection":[{"href":"https:\/\/armstrongyregion.com.ar\/diario\/wp-json\/wp\/v2\/posts"}],"about":[{"href":"https:\/\/armstrongyregion.com.ar\/diario\/wp-json\/wp\/v2\/types\/post"}],"author":[{"embeddable":true,"href":"https:\/\/armstrongyregion.com.ar\/diario\/wp-json\/wp\/v2\/users\/1"}],"replies":[{"embeddable":true,"href":"https:\/\/armstrongyregion.com.ar\/diario\/wp-json\/wp\/v2\/comments?post=35846"}],"version-history":[{"count":1,"href":"https:\/\/armstrongyregion.com.ar\/diario\/wp-json\/wp\/v2\/posts\/35846\/revisions"}],"predecessor-version":[{"id":35848,"href":"https:\/\/armstrongyregion.com.ar\/diario\/wp-json\/wp\/v2\/posts\/35846\/revisions\/35848"}],"wp:featuredmedia":[{"embeddable":true,"href":"https:\/\/armstrongyregion.com.ar\/diario\/wp-json\/wp\/v2\/media\/35847"}],"wp:attachment":[{"href":"https:\/\/armstrongyregion.com.ar\/diario\/wp-json\/wp\/v2\/media?parent=35846"}],"wp:term":[{"taxonomy":"category","embeddable":true,"href":"https:\/\/armstrongyregion.com.ar\/diario\/wp-json\/wp\/v2\/categories?post=35846"},{"taxonomy":"post_tag","embeddable":true,"href":"https:\/\/armstrongyregion.com.ar\/diario\/wp-json\/wp\/v2\/tags?post=35846"}],"curies":[{"name":"wp","href":"https:\/\/api.w.org\/{rel}","templated":true}]}}