{"id":35827,"date":"2022-09-19T13:37:04","date_gmt":"2022-09-19T13:37:04","guid":{"rendered":"https:\/\/armstrongyregion.com.ar\/diario\/?p=35827"},"modified":"2022-09-19T13:37:07","modified_gmt":"2022-09-19T13:37:07","slug":"armstrong-recibimos-la-primavera-2022","status":"publish","type":"post","link":"https:\/\/armstrongyregion.com.ar\/diario\/armstrong-recibimos-la-primavera-2022\/","title":{"rendered":"Armstrong. Recibimos la primavera 2022."},"content":{"rendered":"\n<figure class=\"wp-block-image size-large\"><img loading=\"lazy\" decoding=\"async\" width=\"393\" height=\"393\" src=\"http:\/\/armstrongyregion.com.ar\/diario\/wp-content\/uploads\/2022\/09\/dia-de-la-primavera-2022.jpg\" alt=\"\" class=\"wp-image-35828\" srcset=\"https:\/\/armstrongyregion.com.ar\/diario\/wp-content\/uploads\/2022\/09\/dia-de-la-primavera-2022.jpg 393w, https:\/\/armstrongyregion.com.ar\/diario\/wp-content\/uploads\/2022\/09\/dia-de-la-primavera-2022-300x300.jpg 300w, https:\/\/armstrongyregion.com.ar\/diario\/wp-content\/uploads\/2022\/09\/dia-de-la-primavera-2022-150x150.jpg 150w\" sizes=\"auto, (max-width: 393px) 100vw, 393px\" \/><\/figure>\n\n\n\n<p>\nLa Municipalidad de Armstrong invita a toda la comunidad a participar\nde los festejos con motivo de la llegada de la primavera y d\u00eda del\nestudiante que se realizar\u00e1 el mi\u00e9rcoles 21 de septiembre a partir\nde las 15 hs en plaza Flotron.<\/p>\n\n\n\n<p>Se podr\u00e1 disfrutar de muy buena\nm\u00fasica, la presentaci\u00f3n de DJ Peke. Habr\u00e1 sorteo de entradas para\nla Spring Fest y muchos regalos m\u00e1s, juegos, inflables para los m\u00e1s\nchicos y buffets a cargo de los Centros de Estudiantes de las\nEscuelas T\u00e9cnica N\u00b0 291, N\u00b0 51 y N\u00b0 33 quienes ofrecer\u00e1n\nbebidas, tortas y hamburguesas.<\/p>\n\n\n\n<p>Se suspende en caso de lluvia. \n<\/p>\n","protected":false},"excerpt":{"rendered":"<p>La Municipalidad de Armstrong invita a toda la comunidad a participar de los festejos con motivo de la llegada de la primavera y d\u00eda del estudiante que se realizar\u00e1 el mi\u00e9rcoles 21 de septiembre a partir de las 15 hs en plaza Flotron. Se podr\u00e1 disfrutar de muy buena m\u00fasica, la presentaci\u00f3n de DJ Peke. <a href=\"https:\/\/armstrongyregion.com.ar\/diario\/armstrong-recibimos-la-primavera-2022\/\" title=\"Read more\" >&#8230;<\/a><\/p>\n","protected":false},"author":1,"featured_media":35828,"comment_status":"open","ping_status":"open","sticky":false,"template":"","format":"image","meta":{"_jetpack_memberships_contains_paid_content":false,"footnotes":"","jetpack_publicize_message":"","jetpack_publicize_feature_enabled":true,"jetpack_social_post_already_shared":true,"jetpack_social_options":{"image_generator_settings":{"template":"highway","default_image_id":0,"enabled":false},"version":2}},"categories":[8,1,2,7,3],"tags":[],"class_list":["post-35827","post","type-post","status-publish","format-image","has-post-thumbnail","hentry","category-deliberando","category-diario-armstrong","category-locales","category-politica","category-region","post_format-post-format-image"],"jetpack_publicize_connections":[],"jetpack_featured_media_url":"https:\/\/armstrongyregion.com.ar\/diario\/wp-content\/uploads\/2022\/09\/dia-de-la-primavera-2022.jpg","jetpack_shortlink":"https:\/\/wp.me\/p62QDO-9jR","jetpack_sharing_enabled":true,"amp_enabled":true,"_links":{"self":[{"href":"https:\/\/armstrongyregion.com.ar\/diario\/wp-json\/wp\/v2\/posts\/35827","targetHints":{"allow":["GET"]}}],"collection":[{"href":"https:\/\/armstrongyregion.com.ar\/diario\/wp-json\/wp\/v2\/posts"}],"about":[{"href":"https:\/\/armstrongyregion.com.ar\/diario\/wp-json\/wp\/v2\/types\/post"}],"author":[{"embeddable":true,"href":"https:\/\/armstrongyregion.com.ar\/diario\/wp-json\/wp\/v2\/users\/1"}],"replies":[{"embeddable":true,"href":"https:\/\/armstrongyregion.com.ar\/diario\/wp-json\/wp\/v2\/comments?post=35827"}],"version-history":[{"count":1,"href":"https:\/\/armstrongyregion.com.ar\/diario\/wp-json\/wp\/v2\/posts\/35827\/revisions"}],"predecessor-version":[{"id":35829,"href":"https:\/\/armstrongyregion.com.ar\/diario\/wp-json\/wp\/v2\/posts\/35827\/revisions\/35829"}],"wp:featuredmedia":[{"embeddable":true,"href":"https:\/\/armstrongyregion.com.ar\/diario\/wp-json\/wp\/v2\/media\/35828"}],"wp:attachment":[{"href":"https:\/\/armstrongyregion.com.ar\/diario\/wp-json\/wp\/v2\/media?parent=35827"}],"wp:term":[{"taxonomy":"category","embeddable":true,"href":"https:\/\/armstrongyregion.com.ar\/diario\/wp-json\/wp\/v2\/categories?post=35827"},{"taxonomy":"post_tag","embeddable":true,"href":"https:\/\/armstrongyregion.com.ar\/diario\/wp-json\/wp\/v2\/tags?post=35827"}],"curies":[{"name":"wp","href":"https:\/\/api.w.org\/{rel}","templated":true}]}}