{"id":35814,"date":"2022-09-16T21:13:29","date_gmt":"2022-09-16T21:13:29","guid":{"rendered":"https:\/\/armstrongyregion.com.ar\/diario\/?p=35814"},"modified":"2022-09-16T21:13:32","modified_gmt":"2022-09-16T21:13:32","slug":"costamagna-participo-de-la-inauguracion-de-una-planta-industrial-en-canada-de-gomez","status":"publish","type":"post","link":"https:\/\/armstrongyregion.com.ar\/diario\/costamagna-participo-de-la-inauguracion-de-una-planta-industrial-en-canada-de-gomez\/","title":{"rendered":"Costamagna particip\u00f3 de la inauguraci\u00f3n de una planta industrial en Ca\u00f1ada de G\u00f3mez."},"content":{"rendered":"\n<figure class=\"wp-block-image size-large\"><img loading=\"lazy\" decoding=\"async\" width=\"392\" height=\"244\" src=\"http:\/\/armstrongyregion.com.ar\/diario\/wp-content\/uploads\/2022\/09\/clerici-costamagna-.jpg\" alt=\"\" class=\"wp-image-35815\" srcset=\"https:\/\/armstrongyregion.com.ar\/diario\/wp-content\/uploads\/2022\/09\/clerici-costamagna-.jpg 392w, https:\/\/armstrongyregion.com.ar\/diario\/wp-content\/uploads\/2022\/09\/clerici-costamagna--300x187.jpg 300w\" sizes=\"auto, (max-width: 392px) 100vw, 392px\" \/><\/figure>\n\n\n\n<h2 class=\"wp-block-heading\"> Se trata de una unidad dedicada a la producci\u00f3n y desarrollo de enzimas para la aplicaci\u00f3n en diversas industrias. Los productos fabricados sustituir\u00e1n importaciones. <\/h2>\n\n\n\n<p>\n\nEl ministro de Producci\u00f3n, Ciencia y Tecnolog\u00eda, Daniel Costamagna, encabez\u00f3 este viernes el acto de inauguraci\u00f3n de la nueva Planta Industrial Enzimas de la firma Nova SA, en la localidad de Ca\u00f1ada de G\u00f3mez. La empresa se dedica al desarrollo, formulaci\u00f3n y comercializaci\u00f3n de las principales l\u00edneas de productos para la protecci\u00f3n y el crecimiento de los cultivos; y adem\u00e1s, cuenta con una unidad de biotecnolog\u00eda dedicada al desarrollo y producci\u00f3n de enzimas (prote\u00ednas) industriales.<\/p>\n\n\n\n<p>La nueva planta industrial tiene como objetivo producir enzimas para la aplicaci\u00f3n en diferentes sectores industriales, como alimentaci\u00f3n: l\u00e1ctea, panificaci\u00f3n, cervecera, vitivin\u00edcola; alimentaci\u00f3n animal; biocombustibles: bioetanol biodiesel; textil: tratamiento de telas, detergentes; farmac\u00e9utica; construcci\u00f3n; petrolera.<\/p>\n\n\n\n<p>Esta iniciativa permitir\u00e1 sustituir las importaciones, ya que, actualmente, s\u00f3lo dos empresas argentinas producen enzimas, Nova y Keclon, ambas radicadas en territorio santafesino, siendo las \u00fanicas en Latinoam\u00e9rica. Todas las enzimas utilizadas en la industria nacional y regional son importadas desde Europa, Estados Unidos y Asia. Argentina importa aproximadamente 100 millones de d\u00f3lares al a\u00f1o.<\/p>\n\n\n\n<p>En la oportunidad, Costamagna felicit\u00f3 a los miembros de Nova y indic\u00f3 que \u201cnuestra provincia se caracteriza por producir alimentos para m\u00e1s de 140 mercados. Santa Fe es trabajo, innovaci\u00f3n y exportaciones. Es muy importante que los j\u00f3venes puedan capacitarse en el lugar donde trabajan, d\u00f3nde viven. De a poco se ir\u00e1 mejorando la calidad de las enzimas que se producen, seguramente se van a cometer errores, pero creo que es muy bueno que esta iniciativa se d\u00e9 en la provincia de Santa Fe\u201d.<\/p>\n\n\n\n<p>En esa misma l\u00ednea, se\u00f1al\u00f3 que \u201cesto no es casual, sino producto del esfuerzo y la convicci\u00f3n del valor agregado, que tiene que ver con la incorporaci\u00f3n de los j\u00f3venes en el camino del trabajo, del aprendizaje, de la tecnolog\u00eda y con la creaci\u00f3n de nuevos puestos de trabajo\u201d.<\/p>\n\n\n\n<p>A su turno, la intendenta de Ca\u00f1ada de G\u00f3mez, Stella Maris Cl\u00e9rici, destac\u00f3 que \u201ceste nuevo logro es para nosotros un gran orgullo: contar con empresas tan importantes en nuestra ciudad que aceptan nuevos desaf\u00edos y que van rumbo al dise\u00f1o de empresa 4.0 y que integran junto a otras empresas y sectores de la educaci\u00f3n, el polo tecnol\u00f3gico. Sabemos que hace falta mucho esfuerzo, vocaci\u00f3n y voluntad para poder ser competitivos y poder avanzar en seguir generando puestos de trabajo. Hace m\u00e1s de 15 a\u00f1os que acompa\u00f1amos a las empresas y hoy es un desaf\u00edo seguir apostando al desarrollo tecnol\u00f3gico y la competitividad, pero estamos convencidos de que se logra trabajando todos juntos\u201d.<\/p>\n\n\n\n<p>En tanto, el CEO de Nova, Mauro Piva, manifest\u00f3 que \u201cdefinitivamente es un d\u00eda de festejo para nosotros despu\u00e9s de tanto esfuerzo e inversi\u00f3n. Hace nueve a\u00f1os nac\u00eda el proyecto Enzimas y era impensado pensarnos en el mundo de la ingenier\u00eda gen\u00e9tica. Quer\u00edamos innovar nuestro negocio del agro y lo hemos logrado. Hoy Nova sue\u00f1a en grande. Queremos ser protagonistas actuando como proveedores de un p\u00fablico cada vez m\u00e1s exigente, el negocio mundial de enzimas est\u00e1 en manos de tres multinacionales, por tanto, esto significa una gran oportunidad para nosotros\u201d.<\/p>\n\n\n\n<p>De la actividad, tambi\u00e9n participaron los secretarios de Industria, Claudio Mossuz; de Comercio Interior y Servicios, Juan Marcos Aviano; y de Ciencia y Tecnolog\u00eda, Marina Baima; el secretario de Unidad de Coordinaci\u00f3n Federal OPerativa Agropecuaria del Ministerio de Econom\u00eda, Jorge Solmi; el presidente de FISFE, V\u00edctor Sarmiento; el presidente de FISFE Joven, Rom\u00e1n Guajardo; el presidente de UIA Joven, Tom\u00e1s Karagozian; el diputado provincial, Oscar Mart\u00ednez; el presidente de la Agencia para el Desarrollo Regi\u00f3n Rosario, Leonidas Diez; entre otras autoridades provinciales, municipales, acad\u00e9micas y de centros de investigaci\u00f3n.<\/p>\n\n\n\n<p><strong>LA EMPRESA<\/strong><br>Nova SA es una empresa argentina nacida hace 37 a\u00f1os en Ca\u00f1ada de G\u00f3mez, departamento Iriondo. Cuenta con 200 empleados en Argentina y 20 en Brasil.<\/p>\n\n\n\n<p>La planta de producci\u00f3n industrial cuenta con un espacio de 1500 m\u00b2, donde est\u00e1n instalados los equipos de producci\u00f3n y almacenes. All\u00ed posee tecnolog\u00eda de \u00faltima generaci\u00f3n para la producci\u00f3n a gran escala y la purificaci\u00f3n de las enzimas.<\/p>\n\n\n\n<p>El equipo de desarrollo est\u00e1 formado por un cuerpo de profesionales multidisciplinario con a\u00f1os de experiencia en ingenier\u00eda gen\u00e9tica, enzimolog\u00eda, fermentaciones y purificaci\u00f3n de enzimas.\n\n<\/p>\n","protected":false},"excerpt":{"rendered":"<p>Se trata de una unidad dedicada a la producci\u00f3n y desarrollo de enzimas para la aplicaci\u00f3n en diversas industrias. Los productos fabricados sustituir\u00e1n importaciones. El ministro de Producci\u00f3n, Ciencia y Tecnolog\u00eda, Daniel Costamagna, encabez\u00f3 este viernes el acto de inauguraci\u00f3n de la nueva Planta Industrial Enzimas de la firma Nova SA, en la localidad de <a href=\"https:\/\/armstrongyregion.com.ar\/diario\/costamagna-participo-de-la-inauguracion-de-una-planta-industrial-en-canada-de-gomez\/\" title=\"Read more\" >&#8230;<\/a><\/p>\n","protected":false},"author":1,"featured_media":35815,"comment_status":"open","ping_status":"open","sticky":false,"template":"","format":"image","meta":{"_jetpack_memberships_contains_paid_content":false,"footnotes":"","jetpack_publicize_message":"","jetpack_publicize_feature_enabled":true,"jetpack_social_post_already_shared":true,"jetpack_social_options":{"image_generator_settings":{"template":"highway","default_image_id":0,"enabled":false},"version":2}},"categories":[8,1,7,3],"tags":[],"class_list":["post-35814","post","type-post","status-publish","format-image","has-post-thumbnail","hentry","category-deliberando","category-diario-armstrong","category-politica","category-region","post_format-post-format-image"],"jetpack_publicize_connections":[],"jetpack_featured_media_url":"https:\/\/armstrongyregion.com.ar\/diario\/wp-content\/uploads\/2022\/09\/clerici-costamagna-.jpg","jetpack_shortlink":"https:\/\/wp.me\/p62QDO-9jE","jetpack_sharing_enabled":true,"amp_enabled":true,"_links":{"self":[{"href":"https:\/\/armstrongyregion.com.ar\/diario\/wp-json\/wp\/v2\/posts\/35814","targetHints":{"allow":["GET"]}}],"collection":[{"href":"https:\/\/armstrongyregion.com.ar\/diario\/wp-json\/wp\/v2\/posts"}],"about":[{"href":"https:\/\/armstrongyregion.com.ar\/diario\/wp-json\/wp\/v2\/types\/post"}],"author":[{"embeddable":true,"href":"https:\/\/armstrongyregion.com.ar\/diario\/wp-json\/wp\/v2\/users\/1"}],"replies":[{"embeddable":true,"href":"https:\/\/armstrongyregion.com.ar\/diario\/wp-json\/wp\/v2\/comments?post=35814"}],"version-history":[{"count":1,"href":"https:\/\/armstrongyregion.com.ar\/diario\/wp-json\/wp\/v2\/posts\/35814\/revisions"}],"predecessor-version":[{"id":35816,"href":"https:\/\/armstrongyregion.com.ar\/diario\/wp-json\/wp\/v2\/posts\/35814\/revisions\/35816"}],"wp:featuredmedia":[{"embeddable":true,"href":"https:\/\/armstrongyregion.com.ar\/diario\/wp-json\/wp\/v2\/media\/35815"}],"wp:attachment":[{"href":"https:\/\/armstrongyregion.com.ar\/diario\/wp-json\/wp\/v2\/media?parent=35814"}],"wp:term":[{"taxonomy":"category","embeddable":true,"href":"https:\/\/armstrongyregion.com.ar\/diario\/wp-json\/wp\/v2\/categories?post=35814"},{"taxonomy":"post_tag","embeddable":true,"href":"https:\/\/armstrongyregion.com.ar\/diario\/wp-json\/wp\/v2\/tags?post=35814"}],"curies":[{"name":"wp","href":"https:\/\/api.w.org\/{rel}","templated":true}]}}