{"id":35811,"date":"2022-09-16T21:06:49","date_gmt":"2022-09-16T21:06:49","guid":{"rendered":"https:\/\/armstrongyregion.com.ar\/diario\/?p=35811"},"modified":"2022-09-16T21:06:51","modified_gmt":"2022-09-16T21:06:51","slug":"rasetto-invita-a-la-ciudadania-a-la-inauguracion-del-nuevo-edificio-de-tribunales","status":"publish","type":"post","link":"https:\/\/armstrongyregion.com.ar\/diario\/rasetto-invita-a-la-ciudadania-a-la-inauguracion-del-nuevo-edificio-de-tribunales\/","title":{"rendered":"Rasetto invita a la ciudadan\u00eda a la inauguraci\u00f3n del nuevo edificio de Tribunales."},"content":{"rendered":"\n<figure class=\"wp-block-image size-large\"><img loading=\"lazy\" decoding=\"async\" width=\"300\" height=\"287\" src=\"http:\/\/armstrongyregion.com.ar\/diario\/wp-content\/uploads\/2022\/09\/Rasetto.jpg\" alt=\"\" class=\"wp-image-35812\"\/><\/figure>\n\n\n\n<p> \u201cComo adelantamos hace unos d\u00edas, el Poder Judicial ya hab\u00eda hecho la recepci\u00f3n de la obra, y ahora , con mucho orgullo podemos anunciar la inauguraci\u00f3n del edificio para el pr\u00f3ximo 29 de septiembre a las 11:30Hs. Invitamos a toda la ciudadan\u00eda a la inauguraci\u00f3n de este emblem\u00e1tico edificio que despu\u00e9s de varios a\u00f1os de trabajo entre todos pasa a ser una realidad\u201d indic\u00f3 el Senador Hugo Rasetto.<\/p>\n","protected":false},"excerpt":{"rendered":"<p>\u201cComo adelantamos hace unos d\u00edas, el Poder Judicial ya hab\u00eda hecho la recepci\u00f3n de la obra, y ahora , con mucho orgullo podemos anunciar la inauguraci\u00f3n del edificio para el pr\u00f3ximo 29 de septiembre a las 11:30Hs. Invitamos a toda la ciudadan\u00eda a la inauguraci\u00f3n de este emblem\u00e1tico edificio que despu\u00e9s de varios a\u00f1os de <a href=\"https:\/\/armstrongyregion.com.ar\/diario\/rasetto-invita-a-la-ciudadania-a-la-inauguracion-del-nuevo-edificio-de-tribunales\/\" title=\"Read more\" >&#8230;<\/a><\/p>\n","protected":false},"author":1,"featured_media":35812,"comment_status":"open","ping_status":"open","sticky":false,"template":"","format":"image","meta":{"_jetpack_memberships_contains_paid_content":false,"footnotes":"","jetpack_publicize_message":"","jetpack_publicize_feature_enabled":true,"jetpack_social_post_already_shared":true,"jetpack_social_options":{"image_generator_settings":{"template":"highway","default_image_id":0,"enabled":false},"version":2}},"categories":[8,1,2,7,3],"tags":[],"class_list":["post-35811","post","type-post","status-publish","format-image","has-post-thumbnail","hentry","category-deliberando","category-diario-armstrong","category-locales","category-politica","category-region","post_format-post-format-image"],"jetpack_publicize_connections":[],"jetpack_featured_media_url":"https:\/\/armstrongyregion.com.ar\/diario\/wp-content\/uploads\/2022\/09\/Rasetto.jpg","jetpack_shortlink":"https:\/\/wp.me\/p62QDO-9jB","jetpack_sharing_enabled":true,"amp_enabled":true,"_links":{"self":[{"href":"https:\/\/armstrongyregion.com.ar\/diario\/wp-json\/wp\/v2\/posts\/35811","targetHints":{"allow":["GET"]}}],"collection":[{"href":"https:\/\/armstrongyregion.com.ar\/diario\/wp-json\/wp\/v2\/posts"}],"about":[{"href":"https:\/\/armstrongyregion.com.ar\/diario\/wp-json\/wp\/v2\/types\/post"}],"author":[{"embeddable":true,"href":"https:\/\/armstrongyregion.com.ar\/diario\/wp-json\/wp\/v2\/users\/1"}],"replies":[{"embeddable":true,"href":"https:\/\/armstrongyregion.com.ar\/diario\/wp-json\/wp\/v2\/comments?post=35811"}],"version-history":[{"count":1,"href":"https:\/\/armstrongyregion.com.ar\/diario\/wp-json\/wp\/v2\/posts\/35811\/revisions"}],"predecessor-version":[{"id":35813,"href":"https:\/\/armstrongyregion.com.ar\/diario\/wp-json\/wp\/v2\/posts\/35811\/revisions\/35813"}],"wp:featuredmedia":[{"embeddable":true,"href":"https:\/\/armstrongyregion.com.ar\/diario\/wp-json\/wp\/v2\/media\/35812"}],"wp:attachment":[{"href":"https:\/\/armstrongyregion.com.ar\/diario\/wp-json\/wp\/v2\/media?parent=35811"}],"wp:term":[{"taxonomy":"category","embeddable":true,"href":"https:\/\/armstrongyregion.com.ar\/diario\/wp-json\/wp\/v2\/categories?post=35811"},{"taxonomy":"post_tag","embeddable":true,"href":"https:\/\/armstrongyregion.com.ar\/diario\/wp-json\/wp\/v2\/tags?post=35811"}],"curies":[{"name":"wp","href":"https:\/\/api.w.org\/{rel}","templated":true}]}}