{"id":35802,"date":"2022-09-15T23:36:32","date_gmt":"2022-09-15T23:36:32","guid":{"rendered":"https:\/\/armstrongyregion.com.ar\/diario\/?p=35802"},"modified":"2022-09-15T23:36:34","modified_gmt":"2022-09-15T23:36:34","slug":"la-provincia-lanzo-dos-iniciativas-para-promover-las-exportaciones-de-las-pymes-santafesinas","status":"publish","type":"post","link":"https:\/\/armstrongyregion.com.ar\/diario\/la-provincia-lanzo-dos-iniciativas-para-promover-las-exportaciones-de-las-pymes-santafesinas\/","title":{"rendered":"La provincia lanz\u00f3 dos iniciativas para promover las exportaciones de las Pymes santafesinas."},"content":{"rendered":"\n<figure class=\"wp-block-image size-large\"><img loading=\"lazy\" decoding=\"async\" width=\"532\" height=\"292\" src=\"http:\/\/armstrongyregion.com.ar\/diario\/wp-content\/uploads\/2022\/09\/pymes-.jpg\" alt=\"\" class=\"wp-image-35803\" srcset=\"https:\/\/armstrongyregion.com.ar\/diario\/wp-content\/uploads\/2022\/09\/pymes-.jpg 532w, https:\/\/armstrongyregion.com.ar\/diario\/wp-content\/uploads\/2022\/09\/pymes--300x165.jpg 300w\" sizes=\"auto, (max-width: 532px) 100vw, 532px\" \/><\/figure>\n\n\n\n<h2 class=\"wp-block-heading\"> Se trata del programa Santa Fe Exporta Franquicias y la nueva edici\u00f3n de Desaf\u00edo Exportador 2022-2023. <\/h2>\n\n\n\n<p>\n\nEl secretario de Comercio Exterior, Germ\u00e1n Burcher, present\u00f3 este jueves, en la Sede de Gobierno en Rosario, el programa Santa Fe Exporta Franquicias y una nueva edici\u00f3n de Desaf\u00edo Exportador 2022 \u2013 2023, iniciativas que tienen como fin promover las exportaciones de las pymes provinciales.<\/p>\n\n\n\n<p>Actualmente, la provincia cuenta con 730 empresas exportadoras distribuidas por todo el territorio provincial, haciendo posible que Santa Fe se constituya en la segunda provincia a nivel nacional en t\u00e9rminos de exportaci\u00f3n. En este sentido, desde dicha \u00e1rea ministerial se trabaja sobre cuatro ejes fundamentales: sensibilizaci\u00f3n, capacitaci\u00f3n, asistencia t\u00e9cnica y promoci\u00f3n comercial. Es en este marco que se constituyen las herramientas presentadas durante la jornada de este jueves.<\/p>\n\n\n\n<p>Luego de la presentaci\u00f3n, Burcher destac\u00f3 que \u201ces el tercer a\u00f1o que impulsamos el Programa Desaf\u00edo Exportador, el cual ejecutamos de manera articulada junto a la Agencia Argentina de Inversi\u00f3n y Comercio Internacional, y hemos logrado que pymes santafesinas exporten por primera vez gracias a la participaci\u00f3n en este programa y, que aquellas que ya lo hacen regularmente, puedan diversificar sus mercados. En 2021 las participantes fueron 115 empresas y 43 asistentes; en tanto que en 2022 se agregaron 58 firmas y 15 asistentes\u00bb.<\/p>\n\n\n\n<p>Con respecto a Santa Fe Exporta Franquicias, detall\u00f3 que, como primera actividad, \u201clanzamos un programa para sensibilizar en el tema, mediante una capacitaci\u00f3n que se va a dar de forma presencial en Rosario y Santa Fe, adem\u00e1s estamos relevando a las empresas que ya trabajan franquicias o tienen potencial para hacerlo. Creemos que la franquicia es una herramienta fundamental para la internacionalizaci\u00f3n de Santa Fe, y por eso buscamos potenciarla\u201d.<\/p>\n\n\n\n<p>Tambi\u00e9n participaron de la presentaci\u00f3n el coordinador t\u00e9cnico del programa desaf\u00edo exportador por parte de la AAICI, Mariano Mastr\u00e1ngelo; la subsecretaria de Comercio Exterior y Nuevas Tecnolog\u00edas, Evelin Olivero; el director provincial de Promoci\u00f3n de Exportaciones, Pablo Ruisi; y director General de Comercio Exterior que lleva adelante el programa dentro de la secretar\u00eda, Horacio Krauss; y equipo de la Agencia Santa Fe Global.<\/p>\n\n\n\n<p><strong>SOBRE DESAF\u00cdO EXPORTADOR<\/strong><br>Se trata de un programa Federal, propiciado por la Agencia Argentina de Inversiones y Comercio internacional, que vincula con c\u00e1maras y empresas mediante la Secretar\u00eda de Comercio Exterior del Ministerio de Producci\u00f3n, Ciencia y Tecnolog\u00eda de Santa Fe y est\u00e1 dirigido a Pymes con potencial exportador o que ya lo hagan de manera eventual.<\/p>\n\n\n\n<p>El mismo contempla la disposici\u00f3n de personal calificado con experiencia en Comercio Exterior. Dichos asistentes tambi\u00e9n son capacitados mediante una diplomatura en Negocios Internacionales que agrega valor a los conocimientos que ya poseen, para formular e implementar un plan de negocios internacional teniendo como referencia el perfil de cada firma en cuesti\u00f3n. Este proceso se extiende por seis meses donde se acompa\u00f1a a la empresa en todo su recorrido de internacionalizaci\u00f3n sin ning\u00fan costo para la empresa.<\/p>\n\n\n\n<p><strong>SANTA FE EXPORTA FRANQUICIAS<\/strong><br>La herramienta prev\u00e9 la internacionalizaci\u00f3n de las firmas bajo el sistema de franquicias.<\/p>\n\n\n\n<p>En este marco, el 11 y 12 de octubre en las ciudades de Rosario y Santa Fe, respectivamente, se realizar\u00e1n \u200b\u200bdos conferencias de capacitaci\u00f3n conceptual con exposici\u00f3n a empresas, emprendedores, personas interesadas y p\u00fablico general. Las mismas ser\u00e1n orientadas a sensibilizar sobre el sistema de franquicias y su funcionamiento, importancia de la internacionalizaci\u00f3n y sus principales requisitos para alcanzar la expansi\u00f3n bajo el modelo, as\u00ed como los aspectos m\u00e1s relevantes para lograr el objetivo y mantener la operaci\u00f3n activa en diferentes mercados.<\/p>\n\n\n\n<p>La capacitaci\u00f3n estar\u00e1 a cargo de Gabriel Grasiuso, Presidente FIAF (Federaci\u00f3n Iberoamericana de Franquicias), CEO de SURPLUS Internacional y Mentor Endeavor Uruguay.<\/p>\n\n\n\n<p><\/p>\n","protected":false},"excerpt":{"rendered":"<p>Se trata del programa Santa Fe Exporta Franquicias y la nueva edici\u00f3n de Desaf\u00edo Exportador 2022-2023. El secretario de Comercio Exterior, Germ\u00e1n Burcher, present\u00f3 este jueves, en la Sede de Gobierno en Rosario, el programa Santa Fe Exporta Franquicias y una nueva edici\u00f3n de Desaf\u00edo Exportador 2022 \u2013 2023, iniciativas que tienen como fin promover <a href=\"https:\/\/armstrongyregion.com.ar\/diario\/la-provincia-lanzo-dos-iniciativas-para-promover-las-exportaciones-de-las-pymes-santafesinas\/\" title=\"Read more\" >&#8230;<\/a><\/p>\n","protected":false},"author":1,"featured_media":35803,"comment_status":"open","ping_status":"open","sticky":false,"template":"","format":"image","meta":{"_jetpack_memberships_contains_paid_content":false,"footnotes":"","jetpack_publicize_message":"","jetpack_publicize_feature_enabled":true,"jetpack_social_post_already_shared":true,"jetpack_social_options":{"image_generator_settings":{"template":"highway","default_image_id":0,"enabled":false},"version":2}},"categories":[8,1,2,7,3],"tags":[],"class_list":["post-35802","post","type-post","status-publish","format-image","has-post-thumbnail","hentry","category-deliberando","category-diario-armstrong","category-locales","category-politica","category-region","post_format-post-format-image"],"jetpack_publicize_connections":[],"jetpack_featured_media_url":"https:\/\/armstrongyregion.com.ar\/diario\/wp-content\/uploads\/2022\/09\/pymes-.jpg","jetpack_shortlink":"https:\/\/wp.me\/p62QDO-9js","jetpack_sharing_enabled":true,"amp_enabled":true,"_links":{"self":[{"href":"https:\/\/armstrongyregion.com.ar\/diario\/wp-json\/wp\/v2\/posts\/35802","targetHints":{"allow":["GET"]}}],"collection":[{"href":"https:\/\/armstrongyregion.com.ar\/diario\/wp-json\/wp\/v2\/posts"}],"about":[{"href":"https:\/\/armstrongyregion.com.ar\/diario\/wp-json\/wp\/v2\/types\/post"}],"author":[{"embeddable":true,"href":"https:\/\/armstrongyregion.com.ar\/diario\/wp-json\/wp\/v2\/users\/1"}],"replies":[{"embeddable":true,"href":"https:\/\/armstrongyregion.com.ar\/diario\/wp-json\/wp\/v2\/comments?post=35802"}],"version-history":[{"count":1,"href":"https:\/\/armstrongyregion.com.ar\/diario\/wp-json\/wp\/v2\/posts\/35802\/revisions"}],"predecessor-version":[{"id":35804,"href":"https:\/\/armstrongyregion.com.ar\/diario\/wp-json\/wp\/v2\/posts\/35802\/revisions\/35804"}],"wp:featuredmedia":[{"embeddable":true,"href":"https:\/\/armstrongyregion.com.ar\/diario\/wp-json\/wp\/v2\/media\/35803"}],"wp:attachment":[{"href":"https:\/\/armstrongyregion.com.ar\/diario\/wp-json\/wp\/v2\/media?parent=35802"}],"wp:term":[{"taxonomy":"category","embeddable":true,"href":"https:\/\/armstrongyregion.com.ar\/diario\/wp-json\/wp\/v2\/categories?post=35802"},{"taxonomy":"post_tag","embeddable":true,"href":"https:\/\/armstrongyregion.com.ar\/diario\/wp-json\/wp\/v2\/tags?post=35802"}],"curies":[{"name":"wp","href":"https:\/\/api.w.org\/{rel}","templated":true}]}}