{"id":35776,"date":"2022-09-13T22:30:29","date_gmt":"2022-09-13T22:30:29","guid":{"rendered":"https:\/\/armstrongyregion.com.ar\/diario\/?p=35776"},"modified":"2022-09-13T22:30:31","modified_gmt":"2022-09-13T22:30:31","slug":"%e2%80%8beste-martes-en-deliberando-impresiones-sobre-la-ciudad-y-reciclaje-de-residuos","status":"publish","type":"post","link":"https:\/\/armstrongyregion.com.ar\/diario\/%e2%80%8beste-martes-en-deliberando-impresiones-sobre-la-ciudad-y-reciclaje-de-residuos\/","title":{"rendered":"\u200bEste martes en DELIBERANDO, impresiones sobre la ciudad y reciclaje de residuos."},"content":{"rendered":"\n<figure class=\"wp-block-image size-large\"><img loading=\"lazy\" decoding=\"async\" width=\"720\" height=\"405\" src=\"http:\/\/armstrongyregion.com.ar\/diario\/wp-content\/uploads\/2022\/09\/Gera-pavicic-.jpg\" alt=\"\" class=\"wp-image-35777\" srcset=\"https:\/\/armstrongyregion.com.ar\/diario\/wp-content\/uploads\/2022\/09\/Gera-pavicic-.jpg 720w, https:\/\/armstrongyregion.com.ar\/diario\/wp-content\/uploads\/2022\/09\/Gera-pavicic--300x169.jpg 300w\" sizes=\"auto, (max-width: 720px) 100vw, 720px\" \/><\/figure>\n\n\n\n<p> El ex concejal del PJ, Gerardo Pavicic, abordar\u00e1 temas vinculados con la actualidad en la ciudad y el deseo de bregar por el cumplimiento de ordenanzas sancionadas hace tiempo. <\/p>\n\n\n\n<p>Tambi\u00e9n har\u00e1 referencia al porque de su inter\u00e9s de volver al concejo, pero fundamentalmente en compa\u00f1\u00eda de quienes tengan pensamientos de mejoras para Armstrong  y sus habitantes.<\/p>\n\n\n\n<figure class=\"wp-block-image size-large\"><img loading=\"lazy\" decoding=\"async\" width=\"720\" height=\"405\" src=\"http:\/\/armstrongyregion.com.ar\/diario\/wp-content\/uploads\/2022\/09\/nelso-reinaldo-septiembre-22..jpg\" alt=\"\" class=\"wp-image-35778\" srcset=\"https:\/\/armstrongyregion.com.ar\/diario\/wp-content\/uploads\/2022\/09\/nelso-reinaldo-septiembre-22..jpg 720w, https:\/\/armstrongyregion.com.ar\/diario\/wp-content\/uploads\/2022\/09\/nelso-reinaldo-septiembre-22.-300x169.jpg 300w\" sizes=\"auto, (max-width: 720px) 100vw, 720px\" \/><\/figure>\n\n\n\n<p> La planta de reciclaje de la ciudad y el trabajo que se viene realizando, su caudal de residuos, el funcionamiento de la misma y el destino de los materiales que se separan en el lugar, nos lo informar\u00e1 Nelso Reinaldi, encargado del \u00e1rea.<\/p>\n\n\n\n<p>DELIBERANDO, este martes 21hs. con la conducci\u00f3n de la licenciada Graciela de la Casa y Oscar Crispino. <\/p>\n\n\n\n<p>Estrenos Martes 21hs.<\/p>\n\n\n\n<p>Reiteraci\u00f3n Mi\u00e9rcoles 13,30hs y Domingos 12,30hs.<\/p>\n","protected":false},"excerpt":{"rendered":"<p>El ex concejal del PJ, Gerardo Pavicic, abordar\u00e1 temas vinculados con la actualidad en la ciudad y el deseo de bregar por el cumplimiento de ordenanzas sancionadas hace tiempo. Tambi\u00e9n har\u00e1 referencia al porque de su inter\u00e9s de volver al concejo, pero fundamentalmente en compa\u00f1\u00eda de quienes tengan pensamientos de mejoras para Armstrong y sus <a href=\"https:\/\/armstrongyregion.com.ar\/diario\/%e2%80%8beste-martes-en-deliberando-impresiones-sobre-la-ciudad-y-reciclaje-de-residuos\/\" title=\"Read more\" >&#8230;<\/a><\/p>\n","protected":false},"author":1,"featured_media":35777,"comment_status":"open","ping_status":"open","sticky":false,"template":"","format":"image","meta":{"_jetpack_memberships_contains_paid_content":false,"footnotes":"","jetpack_publicize_message":"","jetpack_publicize_feature_enabled":true,"jetpack_social_post_already_shared":true,"jetpack_social_options":{"image_generator_settings":{"template":"highway","default_image_id":0,"enabled":false},"version":2}},"categories":[8,1,2,7,3],"tags":[],"class_list":["post-35776","post","type-post","status-publish","format-image","has-post-thumbnail","hentry","category-deliberando","category-diario-armstrong","category-locales","category-politica","category-region","post_format-post-format-image"],"jetpack_publicize_connections":[],"jetpack_featured_media_url":"https:\/\/armstrongyregion.com.ar\/diario\/wp-content\/uploads\/2022\/09\/Gera-pavicic-.jpg","jetpack_shortlink":"https:\/\/wp.me\/p62QDO-9j2","jetpack_sharing_enabled":true,"amp_enabled":true,"_links":{"self":[{"href":"https:\/\/armstrongyregion.com.ar\/diario\/wp-json\/wp\/v2\/posts\/35776","targetHints":{"allow":["GET"]}}],"collection":[{"href":"https:\/\/armstrongyregion.com.ar\/diario\/wp-json\/wp\/v2\/posts"}],"about":[{"href":"https:\/\/armstrongyregion.com.ar\/diario\/wp-json\/wp\/v2\/types\/post"}],"author":[{"embeddable":true,"href":"https:\/\/armstrongyregion.com.ar\/diario\/wp-json\/wp\/v2\/users\/1"}],"replies":[{"embeddable":true,"href":"https:\/\/armstrongyregion.com.ar\/diario\/wp-json\/wp\/v2\/comments?post=35776"}],"version-history":[{"count":1,"href":"https:\/\/armstrongyregion.com.ar\/diario\/wp-json\/wp\/v2\/posts\/35776\/revisions"}],"predecessor-version":[{"id":35779,"href":"https:\/\/armstrongyregion.com.ar\/diario\/wp-json\/wp\/v2\/posts\/35776\/revisions\/35779"}],"wp:featuredmedia":[{"embeddable":true,"href":"https:\/\/armstrongyregion.com.ar\/diario\/wp-json\/wp\/v2\/media\/35777"}],"wp:attachment":[{"href":"https:\/\/armstrongyregion.com.ar\/diario\/wp-json\/wp\/v2\/media?parent=35776"}],"wp:term":[{"taxonomy":"category","embeddable":true,"href":"https:\/\/armstrongyregion.com.ar\/diario\/wp-json\/wp\/v2\/categories?post=35776"},{"taxonomy":"post_tag","embeddable":true,"href":"https:\/\/armstrongyregion.com.ar\/diario\/wp-json\/wp\/v2\/tags?post=35776"}],"curies":[{"name":"wp","href":"https:\/\/api.w.org\/{rel}","templated":true}]}}