{"id":35773,"date":"2022-09-13T21:51:10","date_gmt":"2022-09-13T21:51:10","guid":{"rendered":"https:\/\/armstrongyregion.com.ar\/diario\/?p=35773"},"modified":"2022-09-13T21:51:12","modified_gmt":"2022-09-13T21:51:12","slug":"armstrong-6-nuevos-vehiculos-para-transito","status":"publish","type":"post","link":"https:\/\/armstrongyregion.com.ar\/diario\/armstrong-6-nuevos-vehiculos-para-transito\/","title":{"rendered":"Armstrong. 6 nuevos veh\u00edculos para tr\u00e1nsito."},"content":{"rendered":"\n<figure class=\"wp-block-image size-large\"><img loading=\"lazy\" decoding=\"async\" width=\"675\" height=\"450\" src=\"http:\/\/armstrongyregion.com.ar\/diario\/wp-content\/uploads\/2022\/09\/transito-123-.jpg\" alt=\"\" class=\"wp-image-35774\" srcset=\"https:\/\/armstrongyregion.com.ar\/diario\/wp-content\/uploads\/2022\/09\/transito-123-.jpg 675w, https:\/\/armstrongyregion.com.ar\/diario\/wp-content\/uploads\/2022\/09\/transito-123--300x200.jpg 300w\" sizes=\"auto, (max-width: 675px) 100vw, 675px\" \/><\/figure>\n\n\n\n<p>El Intendente Pablo Verdecchia acompa\u00f1ado por la Secretaria de Gobierno Daniela P\u00e9rez y el Jefe de Orden P\u00fablico Domingo Garc\u00eda present\u00f3 a la comunidad veh\u00edculos destinados al Departamento de Tr\u00e1nsito.<\/p>\n\n\n\n<figure class=\"wp-block-image\"><img decoding=\"async\" src=\"https:\/\/www.armstrong.gov.ar\/2020\/images\/articulos2022\/12092.jpg\" alt=\"12092\"\/><\/figure>\n\n\n\n<p>Se trata de 6 motocicletas nuevas marca HONDA, Modelo GLH 150, con sus correspondientes formularios de patentamiento, adquiridas mediante la licitaci\u00f3n p\u00fablica N\u00b0 14\/2022 donde result\u00f3 adjudicada la firma OLIVERO Online, de Alberto J. Olivero e Hijos, de la ciudad de Armstrong, por un monto de $ 2.166.000 con I.V.A. incluido.<\/p>\n\n\n\n<figure class=\"wp-block-image\"><img decoding=\"async\" src=\"https:\/\/www.armstrong.gov.ar\/2020\/images\/articulos2022\/12091.jpg\" alt=\"12091\"\/><\/figure>\n\n\n\n<p>\u201cEstas unidades son para reemplazar algunas de las que estaban utilizando, e incorporar m\u00e1s cantidad de herramientas. Personal de Tr\u00e1nsito tambi\u00e9n est\u00e1 abocado a varias tareas que se van sumando a partir de lo que tiene que ver con la central de monitoreo y el trabajo en seguridad para colaborar con la polic\u00eda\u201d, dijo Verdecchia.<\/p>\n\n\n\n<figure class=\"wp-block-image\"><img decoding=\"async\" src=\"https:\/\/www.armstrong.gov.ar\/2020\/images\/articulos2022\/12.09.5.jpg\" alt=\"12.09.5\"\/><\/figure>\n\n\n\n<p>Por su parte, Garc\u00eda mencion\u00f3 tambi\u00e9n que desde el \u00e1rea se est\u00e1 trabajando en coordinaci\u00f3n con la polic\u00eda, Bomberos, la Agencia de Seguridad Vial, Polic\u00eda Vial en los distintos puntos, y lo que de rutina se viene haciendo.<\/p>\n","protected":false},"excerpt":{"rendered":"<p>El Intendente Pablo Verdecchia acompa\u00f1ado por la Secretaria de Gobierno Daniela P\u00e9rez y el Jefe de Orden P\u00fablico Domingo Garc\u00eda present\u00f3 a la comunidad veh\u00edculos destinados al Departamento de Tr\u00e1nsito. Se trata de 6 motocicletas nuevas marca HONDA, Modelo GLH 150, con sus correspondientes formularios de patentamiento, adquiridas mediante la licitaci\u00f3n p\u00fablica N\u00b0 14\/2022 donde <a href=\"https:\/\/armstrongyregion.com.ar\/diario\/armstrong-6-nuevos-vehiculos-para-transito\/\" title=\"Read more\" >&#8230;<\/a><\/p>\n","protected":false},"author":1,"featured_media":35774,"comment_status":"open","ping_status":"open","sticky":false,"template":"","format":"image","meta":{"_jetpack_memberships_contains_paid_content":false,"footnotes":"","jetpack_publicize_message":"","jetpack_publicize_feature_enabled":true,"jetpack_social_post_already_shared":true,"jetpack_social_options":{"image_generator_settings":{"template":"highway","default_image_id":0,"enabled":false},"version":2}},"categories":[8,1,2,7],"tags":[],"class_list":["post-35773","post","type-post","status-publish","format-image","has-post-thumbnail","hentry","category-deliberando","category-diario-armstrong","category-locales","category-politica","post_format-post-format-image"],"jetpack_publicize_connections":[],"jetpack_featured_media_url":"https:\/\/armstrongyregion.com.ar\/diario\/wp-content\/uploads\/2022\/09\/transito-123-.jpg","jetpack_shortlink":"https:\/\/wp.me\/p62QDO-9iZ","jetpack_sharing_enabled":true,"amp_enabled":true,"_links":{"self":[{"href":"https:\/\/armstrongyregion.com.ar\/diario\/wp-json\/wp\/v2\/posts\/35773","targetHints":{"allow":["GET"]}}],"collection":[{"href":"https:\/\/armstrongyregion.com.ar\/diario\/wp-json\/wp\/v2\/posts"}],"about":[{"href":"https:\/\/armstrongyregion.com.ar\/diario\/wp-json\/wp\/v2\/types\/post"}],"author":[{"embeddable":true,"href":"https:\/\/armstrongyregion.com.ar\/diario\/wp-json\/wp\/v2\/users\/1"}],"replies":[{"embeddable":true,"href":"https:\/\/armstrongyregion.com.ar\/diario\/wp-json\/wp\/v2\/comments?post=35773"}],"version-history":[{"count":1,"href":"https:\/\/armstrongyregion.com.ar\/diario\/wp-json\/wp\/v2\/posts\/35773\/revisions"}],"predecessor-version":[{"id":35775,"href":"https:\/\/armstrongyregion.com.ar\/diario\/wp-json\/wp\/v2\/posts\/35773\/revisions\/35775"}],"wp:featuredmedia":[{"embeddable":true,"href":"https:\/\/armstrongyregion.com.ar\/diario\/wp-json\/wp\/v2\/media\/35774"}],"wp:attachment":[{"href":"https:\/\/armstrongyregion.com.ar\/diario\/wp-json\/wp\/v2\/media?parent=35773"}],"wp:term":[{"taxonomy":"category","embeddable":true,"href":"https:\/\/armstrongyregion.com.ar\/diario\/wp-json\/wp\/v2\/categories?post=35773"},{"taxonomy":"post_tag","embeddable":true,"href":"https:\/\/armstrongyregion.com.ar\/diario\/wp-json\/wp\/v2\/tags?post=35773"}],"curies":[{"name":"wp","href":"https:\/\/api.w.org\/{rel}","templated":true}]}}