{"id":3577,"date":"2015-08-13T01:48:23","date_gmt":"2015-08-13T01:48:23","guid":{"rendered":"https:\/\/armstrongyregion.com.ar\/diario\/?p=3577"},"modified":"2015-08-13T01:48:23","modified_gmt":"2015-08-13T01:48:23","slug":"sobre-llovido-alerta-anuncian-mas-lluvias-intensas","status":"publish","type":"post","link":"https:\/\/armstrongyregion.com.ar\/diario\/sobre-llovido-alerta-anuncian-mas-lluvias-intensas\/","title":{"rendered":"Sobre llovido, alerta: anuncian m\u00e1s lluvias intensas."},"content":{"rendered":"<p><a href=\"http:\/\/armstrongyregion.com.ar\/diario\/wp-content\/uploads\/2015\/08\/alerta-sur-de-santa-fe.jpg\"><img loading=\"lazy\" decoding=\"async\" class=\"alignnone size-medium wp-image-3578\" src=\"http:\/\/armstrongyregion.com.ar\/diario\/wp-content\/uploads\/2015\/08\/alerta-sur-de-santa-fe-300x225.jpg\" alt=\"alerta sur de santa fe-armstrong-y-region\" width=\"300\" height=\"225\" srcset=\"https:\/\/armstrongyregion.com.ar\/diario\/wp-content\/uploads\/2015\/08\/alerta-sur-de-santa-fe-300x225.jpg 300w, https:\/\/armstrongyregion.com.ar\/diario\/wp-content\/uploads\/2015\/08\/alerta-sur-de-santa-fe.jpg 583w\" sizes=\"auto, (max-width: 300px) 100vw, 300px\" \/><\/a>El Servicio Meteorol\u00f3gico renov\u00f3 la advertencia por abundantes precipitaciones que incluye al centro y sur de Santa Fe. El parte clim\u00e1tico indica que las condiciones comenzar\u00e1n a mejorar el viernes.<br \/>\nEl Servicio Meteorol\u00f3gico Nacional (SMN) renov\u00f3 este mi\u00e9rcoles a la tarde el alerta por lluvias intensas para el sur y centro de Santa Fe.<\/p>\n<p>El parte clim\u00e1tico indica que \u201cla formaci\u00f3n de un sistema de baja presi\u00f3n en las inmediaciones de Uruguay provoca \u00e1reas de lluvias, algunas localmente fuertes\u201d.<\/p>\n<p>Adem\u00e1s del sur y centro provincial, el parte incluye tambi\u00e9n al norte de la provincia de Buenos Aires y al sur y centro de Entre R\u00edos.<\/p>\n<p>El SMN indic\u00f3 que las condiciones del tiempo mejorar\u00e1n el viernes pero hasta ese d\u00eda se estiman lluvias acumuladas entre 20 y 50 mil\u00edmetros, pudiendo superarse en forma localizada estos valores especialmente sobre el sudeste de Entre R\u00edos donde podr\u00edan superar los 80 mil\u00edmetros.<\/p>\n<p>El mapa satelital para la zona central del pa\u00eds:<br \/>\nRosario3.com<\/p>\n","protected":false},"excerpt":{"rendered":"<p>El Servicio Meteorol\u00f3gico renov\u00f3 la advertencia por abundantes precipitaciones que incluye al centro y sur de Santa Fe. El parte clim\u00e1tico indica que las condiciones comenzar\u00e1n a mejorar el viernes. El Servicio Meteorol\u00f3gico Nacional (SMN) renov\u00f3 este mi\u00e9rcoles a la tarde el alerta por lluvias intensas para el sur y centro de Santa Fe. El <a href=\"https:\/\/armstrongyregion.com.ar\/diario\/sobre-llovido-alerta-anuncian-mas-lluvias-intensas\/\" title=\"Read more\" >&#8230;<\/a><\/p>\n","protected":false},"author":2,"featured_media":3578,"comment_status":"open","ping_status":"open","sticky":false,"template":"","format":"standard","meta":{"_jetpack_memberships_contains_paid_content":false,"footnotes":"","jetpack_publicize_message":"","jetpack_publicize_feature_enabled":true,"jetpack_social_post_already_shared":false,"jetpack_social_options":{"image_generator_settings":{"template":"highway","default_image_id":0,"enabled":false},"version":2}},"categories":[1,2,3],"tags":[230,2509,418,2508,416,40,118],"class_list":["post-3577","post","type-post","status-publish","format-standard","has-post-thumbnail","hentry","category-diario-armstrong","category-locales","category-region","tag-alerta","tag-anuncian","tag-intensas","tag-llovido","tag-lluvias","tag-mas","tag-sobre"],"jetpack_publicize_connections":[],"jetpack_featured_media_url":"https:\/\/armstrongyregion.com.ar\/diario\/wp-content\/uploads\/2015\/08\/alerta-sur-de-santa-fe.jpg","jetpack_shortlink":"https:\/\/wp.me\/p62QDO-VH","jetpack_sharing_enabled":true,"amp_enabled":true,"_links":{"self":[{"href":"https:\/\/armstrongyregion.com.ar\/diario\/wp-json\/wp\/v2\/posts\/3577","targetHints":{"allow":["GET"]}}],"collection":[{"href":"https:\/\/armstrongyregion.com.ar\/diario\/wp-json\/wp\/v2\/posts"}],"about":[{"href":"https:\/\/armstrongyregion.com.ar\/diario\/wp-json\/wp\/v2\/types\/post"}],"author":[{"embeddable":true,"href":"https:\/\/armstrongyregion.com.ar\/diario\/wp-json\/wp\/v2\/users\/2"}],"replies":[{"embeddable":true,"href":"https:\/\/armstrongyregion.com.ar\/diario\/wp-json\/wp\/v2\/comments?post=3577"}],"version-history":[{"count":0,"href":"https:\/\/armstrongyregion.com.ar\/diario\/wp-json\/wp\/v2\/posts\/3577\/revisions"}],"wp:featuredmedia":[{"embeddable":true,"href":"https:\/\/armstrongyregion.com.ar\/diario\/wp-json\/wp\/v2\/media\/3578"}],"wp:attachment":[{"href":"https:\/\/armstrongyregion.com.ar\/diario\/wp-json\/wp\/v2\/media?parent=3577"}],"wp:term":[{"taxonomy":"category","embeddable":true,"href":"https:\/\/armstrongyregion.com.ar\/diario\/wp-json\/wp\/v2\/categories?post=3577"},{"taxonomy":"post_tag","embeddable":true,"href":"https:\/\/armstrongyregion.com.ar\/diario\/wp-json\/wp\/v2\/tags?post=3577"}],"curies":[{"name":"wp","href":"https:\/\/api.w.org\/{rel}","templated":true}]}}