{"id":35751,"date":"2022-09-11T14:41:12","date_gmt":"2022-09-11T14:41:12","guid":{"rendered":"https:\/\/armstrongyregion.com.ar\/diario\/?p=35751"},"modified":"2022-09-11T14:41:14","modified_gmt":"2022-09-11T14:41:14","slug":"canada-de-gomez-capital-provincial-del-basquet","status":"publish","type":"post","link":"https:\/\/armstrongyregion.com.ar\/diario\/canada-de-gomez-capital-provincial-del-basquet\/","title":{"rendered":"Ca\u00f1ada de G\u00f3mez \u201cCapital Provincial del B\u00e1squet\u201d."},"content":{"rendered":"\n<figure class=\"wp-block-image size-large\"><img loading=\"lazy\" decoding=\"async\" width=\"541\" height=\"541\" src=\"http:\/\/armstrongyregion.com.ar\/diario\/wp-content\/uploads\/2022\/09\/Ca\u00f1ada-capital-del-b\u00e1squet-03.jpg\" alt=\"\" class=\"wp-image-35752\" srcset=\"https:\/\/armstrongyregion.com.ar\/diario\/wp-content\/uploads\/2022\/09\/Ca\u00f1ada-capital-del-b\u00e1squet-03.jpg 541w, https:\/\/armstrongyregion.com.ar\/diario\/wp-content\/uploads\/2022\/09\/Ca\u00f1ada-capital-del-b\u00e1squet-03-300x300.jpg 300w, https:\/\/armstrongyregion.com.ar\/diario\/wp-content\/uploads\/2022\/09\/Ca\u00f1ada-capital-del-b\u00e1squet-03-150x150.jpg 150w\" sizes=\"auto, (max-width: 541px) 100vw, 541px\" \/><\/figure>\n\n\n\n<p>\nEste jueves, la C\u00e1mara de\nDiputados de la Provincia, dio sanci\u00f3n definitiva al proyecto de ley\ndel Senador Hugo Rasetto que declara a Ca\u00f1ada de G\u00f3mez como\n\u201cCapital Provincial del B\u00e1squet\u201d.<\/p>\n\n\n\n<p>\u201cEs\nun justo reconocimiento a una Ciudad que aport\u00f3 al b\u00e1squet como\npocas en la provincia y dir\u00eda tambi\u00e9n en el pa\u00eds. Destac\u00e1ndose\njugadores nacidos o que dieron sus primeros pasos en la ciudad,\nentrenadores, preparadores f\u00edsicos y dirigentes, con clubes que\nformaron grandes deportistas y participaron en competencias de\nb\u00e1squet tanto a nivel provincial, como nacional; y sin dejar de\nmencionar la gran participaci\u00f3n de la Asociaci\u00f3n Ca\u00f1adense de\nB\u00e1squet en el deporte\u201d indic\u00f3 Rasetto.<\/p>\n\n\n\n<p>El\nproyecto repasa la gran cantidad de nombres ligados al b\u00e1squet en la\nciudad, jugadores como Hugo Sconochini, Juan y Nicolas Brussino,\nLeonardo Mainoldi, Eduardo Neukirchen, Andr\u00e9s Santamar\u00eda, Nelio\nBadaloni, o entrenadores como Le\u00f3n Najnudel, Julio Lamas, Sergio\nHern\u00e1ndez, Hugo Cremona, Alejandro Cupulutti entre otros; y la\nimportancia en la historia del b\u00e1squet provincial y nacional de las\ninstituciones locales.<\/p>\n","protected":false},"excerpt":{"rendered":"<p>Este jueves, la C\u00e1mara de Diputados de la Provincia, dio sanci\u00f3n definitiva al proyecto de ley del Senador Hugo Rasetto que declara a Ca\u00f1ada de G\u00f3mez como \u201cCapital Provincial del B\u00e1squet\u201d. \u201cEs un justo reconocimiento a una Ciudad que aport\u00f3 al b\u00e1squet como pocas en la provincia y dir\u00eda tambi\u00e9n en el pa\u00eds. Destac\u00e1ndose jugadores <a href=\"https:\/\/armstrongyregion.com.ar\/diario\/canada-de-gomez-capital-provincial-del-basquet\/\" title=\"Read more\" >&#8230;<\/a><\/p>\n","protected":false},"author":1,"featured_media":35752,"comment_status":"open","ping_status":"open","sticky":false,"template":"","format":"image","meta":{"_jetpack_memberships_contains_paid_content":false,"footnotes":"","jetpack_publicize_message":"","jetpack_publicize_feature_enabled":true,"jetpack_social_post_already_shared":true,"jetpack_social_options":{"image_generator_settings":{"template":"highway","default_image_id":0,"enabled":false},"version":2}},"categories":[8,1,2,7,3],"tags":[],"class_list":["post-35751","post","type-post","status-publish","format-image","has-post-thumbnail","hentry","category-deliberando","category-diario-armstrong","category-locales","category-politica","category-region","post_format-post-format-image"],"jetpack_publicize_connections":[],"jetpack_featured_media_url":"https:\/\/armstrongyregion.com.ar\/diario\/wp-content\/uploads\/2022\/09\/Ca\u00f1ada-capital-del-b\u00e1squet-03.jpg","jetpack_shortlink":"https:\/\/wp.me\/p62QDO-9iD","jetpack_sharing_enabled":true,"amp_enabled":true,"_links":{"self":[{"href":"https:\/\/armstrongyregion.com.ar\/diario\/wp-json\/wp\/v2\/posts\/35751","targetHints":{"allow":["GET"]}}],"collection":[{"href":"https:\/\/armstrongyregion.com.ar\/diario\/wp-json\/wp\/v2\/posts"}],"about":[{"href":"https:\/\/armstrongyregion.com.ar\/diario\/wp-json\/wp\/v2\/types\/post"}],"author":[{"embeddable":true,"href":"https:\/\/armstrongyregion.com.ar\/diario\/wp-json\/wp\/v2\/users\/1"}],"replies":[{"embeddable":true,"href":"https:\/\/armstrongyregion.com.ar\/diario\/wp-json\/wp\/v2\/comments?post=35751"}],"version-history":[{"count":1,"href":"https:\/\/armstrongyregion.com.ar\/diario\/wp-json\/wp\/v2\/posts\/35751\/revisions"}],"predecessor-version":[{"id":35753,"href":"https:\/\/armstrongyregion.com.ar\/diario\/wp-json\/wp\/v2\/posts\/35751\/revisions\/35753"}],"wp:featuredmedia":[{"embeddable":true,"href":"https:\/\/armstrongyregion.com.ar\/diario\/wp-json\/wp\/v2\/media\/35752"}],"wp:attachment":[{"href":"https:\/\/armstrongyregion.com.ar\/diario\/wp-json\/wp\/v2\/media?parent=35751"}],"wp:term":[{"taxonomy":"category","embeddable":true,"href":"https:\/\/armstrongyregion.com.ar\/diario\/wp-json\/wp\/v2\/categories?post=35751"},{"taxonomy":"post_tag","embeddable":true,"href":"https:\/\/armstrongyregion.com.ar\/diario\/wp-json\/wp\/v2\/tags?post=35751"}],"curies":[{"name":"wp","href":"https:\/\/api.w.org\/{rel}","templated":true}]}}