{"id":35748,"date":"2022-09-11T14:37:09","date_gmt":"2022-09-11T14:37:09","guid":{"rendered":"https:\/\/armstrongyregion.com.ar\/diario\/?p=35748"},"modified":"2022-09-11T14:37:12","modified_gmt":"2022-09-11T14:37:12","slug":"canada-de-gomez-reconocimiento-de-la-intendenta-por-el-dia-del-maestro","status":"publish","type":"post","link":"https:\/\/armstrongyregion.com.ar\/diario\/canada-de-gomez-reconocimiento-de-la-intendenta-por-el-dia-del-maestro\/","title":{"rendered":"Ca\u00f1ada de G\u00f3mez. Reconocimiento de la intendenta por el d\u00eda del maestro."},"content":{"rendered":"\n<figure class=\"wp-block-image size-large\"><img loading=\"lazy\" decoding=\"async\" width=\"400\" height=\"242\" src=\"http:\/\/armstrongyregion.com.ar\/diario\/wp-content\/uploads\/2022\/09\/Clerici-maestro-11-09-22-.jpg\" alt=\"\" class=\"wp-image-35749\" srcset=\"https:\/\/armstrongyregion.com.ar\/diario\/wp-content\/uploads\/2022\/09\/Clerici-maestro-11-09-22-.jpg 400w, https:\/\/armstrongyregion.com.ar\/diario\/wp-content\/uploads\/2022\/09\/Clerici-maestro-11-09-22--300x182.jpg 300w\" sizes=\"auto, (max-width: 400px) 100vw, 400px\" \/><\/figure>\n\n\n\n<p>La intendenta Stella Cl\u00e9rici particip\u00f3 del acto por el d\u00eda del maestro desarrollado en la Escuela Domingo Faustino destacando la labor diaria de los docentes, entregando agendas institucionales a los docentes y directivos de todos los establecimientos educativos.<\/p>\n\n\n\n<p>Adem\u00e1s, destac\u00f3 las distintas iniciativas junto a los alumnos y directivos, en actividades extracurriculares y proyectos de inter\u00e9s comunitario y el acompa\u00f1amiento de la gesti\u00f3n municipal a trav\u00e9s de aportes econ\u00f3micos para mejoras en cada uno de los establecimientos educativos. \u201cGracias por el amor, la pasi\u00f3n y vocaci\u00f3n que entregan en la hermosa tarea de ense\u00f1ar, educar y contener\u201d, expres\u00f3 Cl\u00e9rici.&nbsp;<\/p>\n","protected":false},"excerpt":{"rendered":"<p>La intendenta Stella Cl\u00e9rici particip\u00f3 del acto por el d\u00eda del maestro desarrollado en la Escuela Domingo Faustino destacando la labor diaria de los docentes, entregando agendas institucionales a los docentes y directivos de todos los establecimientos educativos. Adem\u00e1s, destac\u00f3 las distintas iniciativas junto a los alumnos y directivos, en actividades extracurriculares y proyectos de <a href=\"https:\/\/armstrongyregion.com.ar\/diario\/canada-de-gomez-reconocimiento-de-la-intendenta-por-el-dia-del-maestro\/\" title=\"Read more\" >&#8230;<\/a><\/p>\n","protected":false},"author":1,"featured_media":35749,"comment_status":"open","ping_status":"open","sticky":false,"template":"","format":"image","meta":{"_jetpack_memberships_contains_paid_content":false,"footnotes":"","jetpack_publicize_message":"","jetpack_publicize_feature_enabled":true,"jetpack_social_post_already_shared":true,"jetpack_social_options":{"image_generator_settings":{"template":"highway","default_image_id":0,"enabled":false},"version":2}},"categories":[8,1,2,7,3],"tags":[],"class_list":["post-35748","post","type-post","status-publish","format-image","has-post-thumbnail","hentry","category-deliberando","category-diario-armstrong","category-locales","category-politica","category-region","post_format-post-format-image"],"jetpack_publicize_connections":[],"jetpack_featured_media_url":"https:\/\/armstrongyregion.com.ar\/diario\/wp-content\/uploads\/2022\/09\/Clerici-maestro-11-09-22-.jpg","jetpack_shortlink":"https:\/\/wp.me\/p62QDO-9iA","jetpack_sharing_enabled":true,"amp_enabled":true,"_links":{"self":[{"href":"https:\/\/armstrongyregion.com.ar\/diario\/wp-json\/wp\/v2\/posts\/35748","targetHints":{"allow":["GET"]}}],"collection":[{"href":"https:\/\/armstrongyregion.com.ar\/diario\/wp-json\/wp\/v2\/posts"}],"about":[{"href":"https:\/\/armstrongyregion.com.ar\/diario\/wp-json\/wp\/v2\/types\/post"}],"author":[{"embeddable":true,"href":"https:\/\/armstrongyregion.com.ar\/diario\/wp-json\/wp\/v2\/users\/1"}],"replies":[{"embeddable":true,"href":"https:\/\/armstrongyregion.com.ar\/diario\/wp-json\/wp\/v2\/comments?post=35748"}],"version-history":[{"count":1,"href":"https:\/\/armstrongyregion.com.ar\/diario\/wp-json\/wp\/v2\/posts\/35748\/revisions"}],"predecessor-version":[{"id":35750,"href":"https:\/\/armstrongyregion.com.ar\/diario\/wp-json\/wp\/v2\/posts\/35748\/revisions\/35750"}],"wp:featuredmedia":[{"embeddable":true,"href":"https:\/\/armstrongyregion.com.ar\/diario\/wp-json\/wp\/v2\/media\/35749"}],"wp:attachment":[{"href":"https:\/\/armstrongyregion.com.ar\/diario\/wp-json\/wp\/v2\/media?parent=35748"}],"wp:term":[{"taxonomy":"category","embeddable":true,"href":"https:\/\/armstrongyregion.com.ar\/diario\/wp-json\/wp\/v2\/categories?post=35748"},{"taxonomy":"post_tag","embeddable":true,"href":"https:\/\/armstrongyregion.com.ar\/diario\/wp-json\/wp\/v2\/tags?post=35748"}],"curies":[{"name":"wp","href":"https:\/\/api.w.org\/{rel}","templated":true}]}}